{"id":3649,"date":"2025-07-08T14:58:38","date_gmt":"2025-07-08T20:58:38","guid":{"rendered":"https:\/\/trabucoradio.com\/home\/?p=3649"},"modified":"2025-07-08T14:58:38","modified_gmt":"2025-07-08T20:58:38","slug":"lanza-miguel-moheno-campana-adopta-un-arbol-para-fomentar-el-cuidado-ambiental-en-cardenas","status":"publish","type":"post","link":"https:\/\/trabucoradio.com\/home\/?p=3649","title":{"rendered":"LANZA MIGUEL MOHENO CAMPA\u00d1A \u201cADOPTA UN \u00c1RBOL\u201d PARA FOMENTAR EL CUIDADO AMBIENTAL EN C\u00c1RDENAS"},"content":{"rendered":"<div class=\"xdj266r x14z9mp xat24cr x1lziwak x1vvkbs x126k92a\">\n<div dir=\"auto\">LANZA MIGUEL MOHENO CAMPA\u00d1A \u201cADOPTA UN \u00c1RBOL\u201d PARA FOMENTAR EL CUIDADO AMBIENTAL EN C\u00c1RDENAS<\/div>\n<\/div>\n<div dir=\"auto\"><\/div>\n<div dir=\"auto\"><\/div>\n<div dir=\"auto\"><\/div>\n<div class=\"xdj266r x14z9mp xat24cr x1lziwak x1vvkbs x126k92a\">\n<div dir=\"auto\"><\/div>\n<\/div>\n<div class=\"x14z9mp xat24cr x1lziwak x1vvkbs xtlvy1s x126k92a\">\n<div dir=\"auto\">Este s\u00e1bado 12 de julio a las 10:00 a.m., el diputado local Miguel Moheno invita a la ciudadan\u00eda cardenense a sumarse a la campa\u00f1a \u201cAdopta un \u00e1rbol\u201d, una iniciativa ecol\u00f3gica que busca entregar 300 \u00e1rboles beb\u00e9s a personas comprometidas con el medio ambiente. La entrega se realizar\u00e1 en su oficina de enlace legislativo, ubicada en Plaza Oslo, avenida L\u00e1zaro C\u00e1rdenas , frente a Farmacia Guadalajara, en C\u00e1rdenas, Tabasco.<\/div>\n<\/div>\n<div dir=\"auto\"><\/div>\n<div class=\"x14z9mp xat24cr x1lziwak x1vvkbs xtlvy1s x126k92a\">\n<div dir=\"auto\">Quienes adopten un \u00e1rbol deber\u00e1n registrarlo y enviar una fotograf\u00eda mensual para documentar su crecimiento. Al cabo de 12 meses de seguimiento continuo, podr\u00e1n participar por un premio de hasta $10,000 pesos, adem\u00e1s de otros premios entregados durante el a\u00f1o.<\/div>\n<div dir=\"auto\"><\/div>\n<div dir=\"auto\">El evento est\u00e1 dise\u00f1ado para disfrutarlo en familia o con amigos, con el objetivo de promover la reforestaci\u00f3n urbana y la conciencia ambiental en la comunidad. \u201cSembrar un \u00e1rbol es sembrar vida\u201d, es el mensaje central de esta campa\u00f1a que combina responsabilidad ecol\u00f3gica con incentivos ciudadanos.<\/div>\n<\/div>\n","protected":false},"excerpt":{"rendered":"<p>LANZA MIGUEL MOHENO CAMPA\u00d1A \u201cADOPTA UN \u00c1RBOL\u201d PARA FOMENTAR EL CUIDADO AMBIENTAL EN C\u00c1RDENAS Este s\u00e1bado 12 de julio a las 10:00 a.m., el diputado local Miguel Moheno invita a la ciudadan\u00eda cardenense a sumarse a la campa\u00f1a \u201cAdopta un \u00e1rbol\u201d, una iniciativa ecol\u00f3gica que busca entregar 300 \u00e1rboles beb\u00e9s a personas comprometidas con el [&hellip;]<\/p>\n","protected":false},"author":1,"featured_media":3650,"comment_status":"open","ping_status":"open","sticky":false,"template":"","format":"standard","meta":{"footnotes":""},"categories":[4],"tags":[],"class_list":["post-3649","post","type-post","status-publish","format-standard","has-post-thumbnail","hentry","category-noticias"],"_links":{"self":[{"href":"https:\/\/trabucoradio.com\/home\/index.php?rest_route=\/wp\/v2\/posts\/3649","targetHints":{"allow":["GET"]}}],"collection":[{"href":"https:\/\/trabucoradio.com\/home\/index.php?rest_route=\/wp\/v2\/posts"}],"about":[{"href":"https:\/\/trabucoradio.com\/home\/index.php?rest_route=\/wp\/v2\/types\/post"}],"author":[{"embeddable":true,"href":"https:\/\/trabucoradio.com\/home\/index.php?rest_route=\/wp\/v2\/users\/1"}],"replies":[{"embeddable":true,"href":"https:\/\/trabucoradio.com\/home\/index.php?rest_route=%2Fwp%2Fv2%2Fcomments&post=3649"}],"version-history":[{"count":1,"href":"https:\/\/trabucoradio.com\/home\/index.php?rest_route=\/wp\/v2\/posts\/3649\/revisions"}],"predecessor-version":[{"id":3651,"href":"https:\/\/trabucoradio.com\/home\/index.php?rest_route=\/wp\/v2\/posts\/3649\/revisions\/3651"}],"wp:featuredmedia":[{"embeddable":true,"href":"https:\/\/trabucoradio.com\/home\/index.php?rest_route=\/wp\/v2\/media\/3650"}],"wp:attachment":[{"href":"https:\/\/trabucoradio.com\/home\/index.php?rest_route=%2Fwp%2Fv2%2Fmedia&parent=3649"}],"wp:term":[{"taxonomy":"category","embeddable":true,"href":"https:\/\/trabucoradio.com\/home\/index.php?rest_route=%2Fwp%2Fv2%2Fcategories&post=3649"},{"taxonomy":"post_tag","embeddable":true,"href":"https:\/\/trabucoradio.com\/home\/index.php?rest_route=%2Fwp%2Fv2%2Ftags&post=3649"}],"curies":[{"name":"wp","href":"https:\/\/api.w.org\/{rel}","templated":true}]}}