{"id":3637,"date":"2025-07-07T16:26:00","date_gmt":"2025-07-07T22:26:00","guid":{"rendered":"https:\/\/trabucoradio.com\/home\/?p=3637"},"modified":"2025-07-07T16:26:00","modified_gmt":"2025-07-07T22:26:00","slug":"alcaldesa-mari-luz-velazquez-encabeza-jornada-deportiva-reto-pina-2025-en-huimanguillo","status":"publish","type":"post","link":"https:\/\/trabucoradio.com\/home\/?p=3637","title":{"rendered":"ALCALDESA MARI LUZ VEL\u00c1ZQUEZ ENCABEZA JORNADA DEPORTIVA RETO PI\u00d1A 2025 EN HUIMANGUILLO"},"content":{"rendered":"<div class=\"xdj266r x14z9mp xat24cr x1lziwak x1vvkbs x126k92a\">\n<div dir=\"auto\">ALCALDESA MARI LUZ VEL\u00c1ZQUEZ ENCABEZA JORNADA DEPORTIVA RETO PI\u00d1A 2025 EN HUIMANGUILLO<\/div>\n<\/div>\n<div dir=\"auto\"><\/div>\n<div dir=\"auto\"><\/div>\n<div class=\"xdj266r x14z9mp xat24cr x1lziwak x1vvkbs x126k92a\">\n<div dir=\"auto\"><\/div>\n<\/div>\n<div class=\"x14z9mp xat24cr x1lziwak x1vvkbs xtlvy1s x126k92a\">\n<div dir=\"auto\">La presidenta municipal <span class=\"html-span xdj266r x14z9mp xat24cr x1lziwak xexx8yu xyri2b x18d9i69 x1c1uobl x1hl2dhg x16tdsg8 x1vvkbs\"><a class=\"x1i10hfl xjbqb8w x1ejq31n x18oe1m7 x1sy0etr xstzfhl x972fbf x10w94by x1qhh985 x14e42zd x9f619 x1ypdohk xt0psk2 xe8uvvx xdj266r x14z9mp xat24cr x1lziwak xexx8yu xyri2b x18d9i69 x1c1uobl x16tdsg8 x1hl2dhg xggy1nq x1a2a7pz xkrqix3 x1sur9pj x1fey0fg x1s688f\" tabindex=\"0\" role=\"link\" href=\"https:\/\/www.facebook.com\/MariluzVelJim?__cft__[0]=AZWc2U5rJlGIMQ64F4ZHHK4XpmwKaWQzDp9T9XH_3NFj-AUOB04UEy2xdh13sgjs94g0uw5onRW1gCzB-frPw5jSTLugtgtS9zOEosB-5sUEJMsVhOIVPtI-fWYNoW4qm8dBPPJ23HADQLb4H12FHjXL0V3m7b8WAi-0kqVhx_UqFlNWujrrI8prw1TenQVgmDs&amp;__tn__=-]K-R\"><span class=\"xt0psk2\"><span class=\"xjp7ctv\">Mari Luz Vel\u00e1zquez Jim\u00e9nez<\/span><\/span><\/a><\/span> dio este fin de semana el banderazo de inicio a la segunda edici\u00f3n del evento ciclista Reto <span class=\"html-span xdj266r x14z9mp xat24cr x1lziwak xexx8yu xyri2b x18d9i69 x1c1uobl x1hl2dhg x16tdsg8 x1vvkbs\"><a class=\"x1i10hfl xjbqb8w x1ejq31n x18oe1m7 x1sy0etr xstzfhl x972fbf x10w94by x1qhh985 x14e42zd x9f619 x1ypdohk xt0psk2 xe8uvvx xdj266r x14z9mp xat24cr x1lziwak xexx8yu xyri2b x18d9i69 x1c1uobl x16tdsg8 x1hl2dhg xggy1nq x1a2a7pz xkrqix3 x1sur9pj x1fey0fg x1s688f\" tabindex=\"0\" role=\"link\" href=\"https:\/\/www.facebook.com\/hashtag\/pi%C3%B1a?__eep__=6&amp;__cft__[0]=AZWc2U5rJlGIMQ64F4ZHHK4XpmwKaWQzDp9T9XH_3NFj-AUOB04UEy2xdh13sgjs94g0uw5onRW1gCzB-frPw5jSTLugtgtS9zOEosB-5sUEJMsVhOIVPtI-fWYNoW4qm8dBPPJ23HADQLb4H12FHjXL0V3m7b8WAi-0kqVhx_UqFlNWujrrI8prw1TenQVgmDs&amp;__tn__=*NK-R\">Pi\u00f1a<\/a><\/span> 2025 \u201cDesaf\u00eda, pedalea y triunfa\u201d, que reuni\u00f3 a m\u00e1s de 400 participantes de distintos estados de la Rep\u00fablica Mexicana.<\/div>\n<div dir=\"auto\"><\/div>\n<\/div>\n<div class=\"x14z9mp xat24cr x1lziwak x1vvkbs xtlvy1s x126k92a\">\n<div dir=\"auto\">La ruta abarc\u00f3 diversos puntos de la geograf\u00eda huimanguillense, desafiando a los ciclistas con terrenos variados que incluyeron \u00e1reas planas, caminos rocosos, subidas, bajadas y lomas, lo que exigi\u00f3 al m\u00e1ximo el esfuerzo, resistencia y t\u00e9cnica de cada competidor.<\/div>\n<div dir=\"auto\"><\/div>\n<\/div>\n<div class=\"x14z9mp xat24cr x1lziwak x1vvkbs xtlvy1s x126k92a\">\n<div dir=\"auto\">Durante su intervenci\u00f3n, la alcaldesa del <span class=\"html-span xdj266r x14z9mp xat24cr x1lziwak xexx8yu xyri2b x18d9i69 x1c1uobl x1hl2dhg x16tdsg8 x1vvkbs\"><a class=\"x1i10hfl xjbqb8w x1ejq31n x18oe1m7 x1sy0etr xstzfhl x972fbf x10w94by x1qhh985 x14e42zd x9f619 x1ypdohk xt0psk2 xe8uvvx xdj266r x14z9mp xat24cr x1lziwak xexx8yu xyri2b x18d9i69 x1c1uobl x16tdsg8 x1hl2dhg xggy1nq x1a2a7pz xkrqix3 x1sur9pj x1fey0fg x1s688f\" tabindex=\"0\" role=\"link\" href=\"https:\/\/www.facebook.com\/GobiernoDeHuimanguillo?__cft__[0]=AZWc2U5rJlGIMQ64F4ZHHK4XpmwKaWQzDp9T9XH_3NFj-AUOB04UEy2xdh13sgjs94g0uw5onRW1gCzB-frPw5jSTLugtgtS9zOEosB-5sUEJMsVhOIVPtI-fWYNoW4qm8dBPPJ23HADQLb4H12FHjXL0V3m7b8WAi-0kqVhx_UqFlNWujrrI8prw1TenQVgmDs&amp;__tn__=-]K-R\"><span class=\"xt0psk2\"><span class=\"xjp7ctv\">Gobierno de Huimanguillo. 2024 &#8211; 2027<\/span><\/span><\/a><\/span> destac\u00f3 que este tipo de eventos fortalecen el tejido social, promueven la vida saludable, la convivencia familiar y una sociedad m\u00e1s sana, f\u00edsica y emocionalmente.<\/div>\n<\/div>\n<div class=\"x14z9mp xat24cr x1lziwak x1vvkbs xtlvy1s x126k92a\">\n<div dir=\"auto\">La jornada deportiva cont\u00f3 con ciclistas de todas las edades, quienes participaron en las rutas de 50 y 80 kil\u00f3metros, en las categor\u00edas: Juvenil, \u00c9lite, M\u00e1ster 30, M\u00e1ster 40, M\u00e1ster 50, M\u00e1ster 60 y m\u00e1s, as\u00ed como en Libre femenil y varonil.<\/div>\n<\/div>\n<div class=\"x14z9mp xat24cr x1lziwak x1vvkbs xtlvy1s x126k92a\">\n<div dir=\"auto\">En todo momento, el evento cont\u00f3 con el respaldo de elementos de Tr\u00e1nsito, Protecci\u00f3n Civil y Seguridad P\u00fablica, quienes garantizaron la seguridad e integridad de las y los participantes durante todo el recorrido.<\/div>\n<\/div>\n","protected":false},"excerpt":{"rendered":"<p>ALCALDESA MARI LUZ VEL\u00c1ZQUEZ ENCABEZA JORNADA DEPORTIVA RETO PI\u00d1A 2025 EN HUIMANGUILLO La presidenta municipal Mari Luz Vel\u00e1zquez Jim\u00e9nez dio este fin de semana el banderazo de inicio a la segunda edici\u00f3n del evento ciclista Reto Pi\u00f1a 2025 \u201cDesaf\u00eda, pedalea y triunfa\u201d, que reuni\u00f3 a m\u00e1s de 400 participantes de distintos estados de la Rep\u00fablica [&hellip;]<\/p>\n","protected":false},"author":1,"featured_media":3638,"comment_status":"open","ping_status":"open","sticky":false,"template":"","format":"standard","meta":{"footnotes":""},"categories":[4],"tags":[],"class_list":["post-3637","post","type-post","status-publish","format-standard","has-post-thumbnail","hentry","category-noticias"],"_links":{"self":[{"href":"https:\/\/trabucoradio.com\/home\/index.php?rest_route=\/wp\/v2\/posts\/3637","targetHints":{"allow":["GET"]}}],"collection":[{"href":"https:\/\/trabucoradio.com\/home\/index.php?rest_route=\/wp\/v2\/posts"}],"about":[{"href":"https:\/\/trabucoradio.com\/home\/index.php?rest_route=\/wp\/v2\/types\/post"}],"author":[{"embeddable":true,"href":"https:\/\/trabucoradio.com\/home\/index.php?rest_route=\/wp\/v2\/users\/1"}],"replies":[{"embeddable":true,"href":"https:\/\/trabucoradio.com\/home\/index.php?rest_route=%2Fwp%2Fv2%2Fcomments&post=3637"}],"version-history":[{"count":1,"href":"https:\/\/trabucoradio.com\/home\/index.php?rest_route=\/wp\/v2\/posts\/3637\/revisions"}],"predecessor-version":[{"id":3639,"href":"https:\/\/trabucoradio.com\/home\/index.php?rest_route=\/wp\/v2\/posts\/3637\/revisions\/3639"}],"wp:featuredmedia":[{"embeddable":true,"href":"https:\/\/trabucoradio.com\/home\/index.php?rest_route=\/wp\/v2\/media\/3638"}],"wp:attachment":[{"href":"https:\/\/trabucoradio.com\/home\/index.php?rest_route=%2Fwp%2Fv2%2Fmedia&parent=3637"}],"wp:term":[{"taxonomy":"category","embeddable":true,"href":"https:\/\/trabucoradio.com\/home\/index.php?rest_route=%2Fwp%2Fv2%2Fcategories&post=3637"},{"taxonomy":"post_tag","embeddable":true,"href":"https:\/\/trabucoradio.com\/home\/index.php?rest_route=%2Fwp%2Fv2%2Ftags&post=3637"}],"curies":[{"name":"wp","href":"https:\/\/api.w.org\/{rel}","templated":true}]}}