{"id":363,"date":"2024-05-01T15:39:15","date_gmt":"2024-05-01T21:39:15","guid":{"rendered":"https:\/\/trabucoradio.com\/home\/?p=363"},"modified":"2024-05-01T15:39:15","modified_gmt":"2024-05-01T21:39:15","slug":"vivan-los-martires-de-chicago-ezequiel-luna-arias%f0%9f%91%87%f0%9f%8e%99","status":"publish","type":"post","link":"https:\/\/trabucoradio.com\/home\/?p=363","title":{"rendered":"VIVAN LOS M\u00c1RTIRES DE CHICAGO: EZEQUIEL LUNA ARIAS\ud83d\udc47\ud83c\udf99"},"content":{"rendered":"<p>VIVAN LOS M\u00c1RTIRES DE CHICAGO: EZEQUIEL LUNA ARIAS\ud83d\udc47\ud83c\udf99<\/p>\n<p>Para \u00e9l cronista cardenense Ezequiel Luna Arias, el d\u00eda Internacional del Trabajo se debe recordar con actos reivindicativos de lucha y peticiones, que mantengan vivo el recuerdo de aquellos que alzaron la voz por toda la clase laboral, como fueron los obreros de Chicago, Illinois, en el 1886 y no con marchas de agradecimiento a los sindicados o sectores de poder. \ud83d\udc48<\/p>\n<p>Como cada mi\u00e9rcoles, en el espacio informativo de Trabuco Noticias, estuvo el cronista y economista Ezequiel Luna Arias, quien comparti\u00f3 datos sobre la conmemoraci\u00f3n del 1\u00b0 de mayo. <\/p>\n<p>\ud83d\udd34La celebraci\u00f3n del PRIMERO DE MAYO como D\u00cdA DEL TRABAJO se remonta a los movimientos obreros de Chicago, Illinois, Estados Unidos, a finales del siglo XIX.<br \/>\n\ud83d\udd34En esa \u00e9poca, la industria estadounidense se expand\u00eda r\u00e1pidamente, pero hab\u00eda pocas protecciones legales para los trabajadores.<br \/>\n\u2013 Los trabajadores estadounidenses sol\u00edan laborar de 12 y hasta 16 horas al d\u00eda, durante seis o siete d\u00edas a la semana.<br \/>\n_Explotaci\u00f3n de la mano de obra infantil.<br \/>\n_Condiciones insalubres en los centros de trabajo.<br \/>\n_Sin derechos a la salud, vacaciones y  otras prestaciones.<br \/>\n\ud83d\udd34El movimiento fue reprimido en el a\u00f1o de 1886, los d\u00edas 1, 2, 3 y 4 de mayo. Los l\u00edderes del movimiento fueron encarcelados y castigados a cadena perpetua; 5 de ellos fueron condenados a la horca.<br \/>\n\ud83d\udd34En M\u00e9xico, el D\u00eda del Trabajo se conmemora desde 1923, siendo presidente \u00c1lvaro Obreg\u00f3n, tomando como ejemplo la lucha laboral de 1886 en Chicago, posteriormente en 1917, en el art\u00edculo 123 de la Carta Magna, se institucionalizaron los Derechos Laborales.<\/p>\n","protected":false},"excerpt":{"rendered":"<p>VIVAN LOS M\u00c1RTIRES DE CHICAGO: EZEQUIEL LUNA ARIAS\ud83d\udc47\ud83c\udf99 Para \u00e9l cronista cardenense Ezequiel Luna Arias, el d\u00eda Internacional del Trabajo se debe recordar con actos reivindicativos de lucha y peticiones, que mantengan vivo el recuerdo de aquellos que alzaron la voz por toda la clase laboral, como fueron los obreros de Chicago, Illinois, en el [&hellip;]<\/p>\n","protected":false},"author":1,"featured_media":364,"comment_status":"open","ping_status":"open","sticky":false,"template":"","format":"standard","meta":{"footnotes":""},"categories":[4],"tags":[],"class_list":["post-363","post","type-post","status-publish","format-standard","has-post-thumbnail","hentry","category-noticias"],"_links":{"self":[{"href":"https:\/\/trabucoradio.com\/home\/index.php?rest_route=\/wp\/v2\/posts\/363","targetHints":{"allow":["GET"]}}],"collection":[{"href":"https:\/\/trabucoradio.com\/home\/index.php?rest_route=\/wp\/v2\/posts"}],"about":[{"href":"https:\/\/trabucoradio.com\/home\/index.php?rest_route=\/wp\/v2\/types\/post"}],"author":[{"embeddable":true,"href":"https:\/\/trabucoradio.com\/home\/index.php?rest_route=\/wp\/v2\/users\/1"}],"replies":[{"embeddable":true,"href":"https:\/\/trabucoradio.com\/home\/index.php?rest_route=%2Fwp%2Fv2%2Fcomments&post=363"}],"version-history":[{"count":1,"href":"https:\/\/trabucoradio.com\/home\/index.php?rest_route=\/wp\/v2\/posts\/363\/revisions"}],"predecessor-version":[{"id":365,"href":"https:\/\/trabucoradio.com\/home\/index.php?rest_route=\/wp\/v2\/posts\/363\/revisions\/365"}],"wp:featuredmedia":[{"embeddable":true,"href":"https:\/\/trabucoradio.com\/home\/index.php?rest_route=\/wp\/v2\/media\/364"}],"wp:attachment":[{"href":"https:\/\/trabucoradio.com\/home\/index.php?rest_route=%2Fwp%2Fv2%2Fmedia&parent=363"}],"wp:term":[{"taxonomy":"category","embeddable":true,"href":"https:\/\/trabucoradio.com\/home\/index.php?rest_route=%2Fwp%2Fv2%2Fcategories&post=363"},{"taxonomy":"post_tag","embeddable":true,"href":"https:\/\/trabucoradio.com\/home\/index.php?rest_route=%2Fwp%2Fv2%2Ftags&post=363"}],"curies":[{"name":"wp","href":"https:\/\/api.w.org\/{rel}","templated":true}]}}