{"id":2771,"date":"2025-05-22T16:06:07","date_gmt":"2025-05-22T22:06:07","guid":{"rendered":"https:\/\/trabucoradio.com\/home\/?p=2771"},"modified":"2025-05-22T16:06:07","modified_gmt":"2025-05-22T22:06:07","slug":"sin-quejas-comision-de-derechos-humanos-contra-cfe-por-fallas-en-el-servicio","status":"publish","type":"post","link":"https:\/\/trabucoradio.com\/home\/?p=2771","title":{"rendered":"SIN QUEJAS COMISI\u00d3N DE DERECHOS HUMANOS CONTRA CFE POR FALLAS EN EL SERVICIO"},"content":{"rendered":"<p>SIN QUEJAS COMISI\u00d3N DE DERECHOS HUMANOS CONTRA CFE POR FALLAS EN EL SERVICIO<\/p>\n<p>&nbsp;<\/p>\n<p>&nbsp;<\/p>\n<p>Pese a los recientes bloqueos en el centro de la ciudad ocasionados por las fallas en el suministro de energ\u00eda de la Comisi\u00f3n Federal de Electricidad (CFE), el presidente de la Comisi\u00f3n Estatal de los Derechos Humanos (CEDH), Jos\u00e9 Antonio Morales Notario, asegur\u00f3 que hasta el\u00a0momento la ciudadan\u00eda no ha presentado ninguna queja formal.<\/p>\n<p>Morales Notario detall\u00f3 que, hasta el momento, ninguna persona ha presentado una queja formal contra la paraestatal por las interrupciones en el servicio el\u00e9ctrico que derivan en cierres carreteros.<\/p>\n<p>Sin embargo, aclar\u00f3 que en caso de que alguien decida presentar una reclamaci\u00f3n, la CEDH se encargar\u00e1 de canalizarla ante la Comisi\u00f3n Nacional de los Derechos Humanos(CNDH).<\/p>\n<p>\u00abSi consideran que sus derechos est\u00e1n siendo vulnerados por estos cortes de energ\u00eda, nosotros como instituci\u00f3n, revisaremos cada caso para determinar si existe alguna violaci\u00f3n y actuaremos en consecuencia\u00bb, afirm\u00f3 Morales Notario.<\/p>\n<p>El funcionario tambi\u00e9n record\u00f3 que los ciudadanos tienen derecho a un servicio el\u00e9ctrico adecuado y que es responsabilidad de las autoridades garantizar su cumplimiento. Por ello, hizo un llamado a la CFE a resolver las fallas en el suministro de manera urgente y mantener el\u00a0di\u00e1logo con la ciudadan\u00eda para evitar futuras movilizaciones.<\/p>\n","protected":false},"excerpt":{"rendered":"<p>SIN QUEJAS COMISI\u00d3N DE DERECHOS HUMANOS CONTRA CFE POR FALLAS EN EL SERVICIO &nbsp; &nbsp; Pese a los recientes bloqueos en el centro de la ciudad ocasionados por las fallas en el suministro de energ\u00eda de la Comisi\u00f3n Federal de Electricidad (CFE), el presidente de la Comisi\u00f3n Estatal de los Derechos Humanos (CEDH), Jos\u00e9 Antonio [&hellip;]<\/p>\n","protected":false},"author":1,"featured_media":2772,"comment_status":"open","ping_status":"open","sticky":false,"template":"","format":"standard","meta":{"footnotes":""},"categories":[4],"tags":[],"class_list":["post-2771","post","type-post","status-publish","format-standard","has-post-thumbnail","hentry","category-noticias"],"_links":{"self":[{"href":"https:\/\/trabucoradio.com\/home\/index.php?rest_route=\/wp\/v2\/posts\/2771","targetHints":{"allow":["GET"]}}],"collection":[{"href":"https:\/\/trabucoradio.com\/home\/index.php?rest_route=\/wp\/v2\/posts"}],"about":[{"href":"https:\/\/trabucoradio.com\/home\/index.php?rest_route=\/wp\/v2\/types\/post"}],"author":[{"embeddable":true,"href":"https:\/\/trabucoradio.com\/home\/index.php?rest_route=\/wp\/v2\/users\/1"}],"replies":[{"embeddable":true,"href":"https:\/\/trabucoradio.com\/home\/index.php?rest_route=%2Fwp%2Fv2%2Fcomments&post=2771"}],"version-history":[{"count":1,"href":"https:\/\/trabucoradio.com\/home\/index.php?rest_route=\/wp\/v2\/posts\/2771\/revisions"}],"predecessor-version":[{"id":2773,"href":"https:\/\/trabucoradio.com\/home\/index.php?rest_route=\/wp\/v2\/posts\/2771\/revisions\/2773"}],"wp:featuredmedia":[{"embeddable":true,"href":"https:\/\/trabucoradio.com\/home\/index.php?rest_route=\/wp\/v2\/media\/2772"}],"wp:attachment":[{"href":"https:\/\/trabucoradio.com\/home\/index.php?rest_route=%2Fwp%2Fv2%2Fmedia&parent=2771"}],"wp:term":[{"taxonomy":"category","embeddable":true,"href":"https:\/\/trabucoradio.com\/home\/index.php?rest_route=%2Fwp%2Fv2%2Fcategories&post=2771"},{"taxonomy":"post_tag","embeddable":true,"href":"https:\/\/trabucoradio.com\/home\/index.php?rest_route=%2Fwp%2Fv2%2Ftags&post=2771"}],"curies":[{"name":"wp","href":"https:\/\/api.w.org\/{rel}","templated":true}]}}