{"id":2765,"date":"2025-05-22T15:58:23","date_gmt":"2025-05-22T21:58:23","guid":{"rendered":"https:\/\/trabucoradio.com\/home\/?p=2765"},"modified":"2025-05-22T15:58:23","modified_gmt":"2025-05-22T21:58:23","slug":"dan-banderazo-de-inicio-a-trabajos-en-calle-abasalo-en-huimanguillo","status":"publish","type":"post","link":"https:\/\/trabucoradio.com\/home\/?p=2765","title":{"rendered":"DAN BANDERAZO DE INICIO A TRABAJOS EN CALLE ABASALO EN HUIMANGUILLO"},"content":{"rendered":"<div class=\"xdj266r x11i5rnm xat24cr x1mh8g0r x1vvkbs x126k92a\">\n<div dir=\"auto\">DAN BANDERAZO DE INICIO A TRABAJOS EN CALLE ABASALO EN HUIMANGUILLO<\/div>\n<\/div>\n<div dir=\"auto\"><\/div>\n<div dir=\"auto\"><\/div>\n<div dir=\"auto\"><\/div>\n<div class=\"xdj266r x11i5rnm xat24cr x1mh8g0r x1vvkbs x126k92a\">\n<div dir=\"auto\"><\/div>\n<\/div>\n<div class=\"x11i5rnm xat24cr x1mh8g0r x1vvkbs xtlvy1s x126k92a\">\n<div dir=\"auto\">La presidenta municipal, Mari Luz Vel\u00e1zquez Jim\u00e9nez ,\u00a0dio el banderazo de inicio a los trabajos integrales en la calle Abasolo, ubicada en el coraz\u00f3n de Huimanguillo.<\/div>\n<div dir=\"auto\"><\/div>\n<\/div>\n<div class=\"x11i5rnm xat24cr x1mh8g0r x1vvkbs xtlvy1s x126k92a\">\n<div dir=\"auto\">Esta obra del Gobierno de Huimanguillo 2024-2027 \u00a0responde a una demanda sentida de la ciudadan\u00eda y se enmarca en el compromiso asumido por la alcaldesa desde el inicio de su administraci\u00f3n: escuchar, atender y transformar.<\/div>\n<div dir=\"auto\"><\/div>\n<\/div>\n<div class=\"x11i5rnm xat24cr x1mh8g0r x1vvkbs xtlvy1s x126k92a\">\n<div dir=\"auto\">Durante el acto de arranque, la presidenta municipal resalt\u00f3 la importancia de la infraestructura vial como eje para mejorar la movilidad, fortalecer el desarrollo econ\u00f3mico y elevar la calidad de vida de las familias huimanguillenses.<\/div>\n<div dir=\"auto\"><\/div>\n<\/div>\n<div class=\"x11i5rnm xat24cr x1mh8g0r x1vvkbs xtlvy1s x126k92a\">\n<div dir=\"auto\">Asimismo, subray\u00f3 que estas acciones no solo representan una mejora urbana, sino tambi\u00e9n una inversi\u00f3n directa en el bienestar de la poblaci\u00f3n.<\/div>\n<div dir=\"auto\"><\/div>\n<\/div>\n<div class=\"x11i5rnm xat24cr x1mh8g0r x1vvkbs xtlvy1s x126k92a\">\n<div dir=\"auto\">\u201cSeguiremos avanzando con m\u00e1s acciones y obras que construyen el Huimanguillo que todas y todos merecemos\u201d, afirm\u00f3.<\/div>\n<\/div>\n","protected":false},"excerpt":{"rendered":"<p>DAN BANDERAZO DE INICIO A TRABAJOS EN CALLE ABASALO EN HUIMANGUILLO La presidenta municipal, Mari Luz Vel\u00e1zquez Jim\u00e9nez ,\u00a0dio el banderazo de inicio a los trabajos integrales en la calle Abasolo, ubicada en el coraz\u00f3n de Huimanguillo. Esta obra del Gobierno de Huimanguillo 2024-2027 \u00a0responde a una demanda sentida de la ciudadan\u00eda y se enmarca [&hellip;]<\/p>\n","protected":false},"author":1,"featured_media":2766,"comment_status":"open","ping_status":"open","sticky":false,"template":"","format":"standard","meta":{"footnotes":""},"categories":[3],"tags":[],"class_list":["post-2765","post","type-post","status-publish","format-standard","has-post-thumbnail","hentry","category-politica"],"_links":{"self":[{"href":"https:\/\/trabucoradio.com\/home\/index.php?rest_route=\/wp\/v2\/posts\/2765","targetHints":{"allow":["GET"]}}],"collection":[{"href":"https:\/\/trabucoradio.com\/home\/index.php?rest_route=\/wp\/v2\/posts"}],"about":[{"href":"https:\/\/trabucoradio.com\/home\/index.php?rest_route=\/wp\/v2\/types\/post"}],"author":[{"embeddable":true,"href":"https:\/\/trabucoradio.com\/home\/index.php?rest_route=\/wp\/v2\/users\/1"}],"replies":[{"embeddable":true,"href":"https:\/\/trabucoradio.com\/home\/index.php?rest_route=%2Fwp%2Fv2%2Fcomments&post=2765"}],"version-history":[{"count":1,"href":"https:\/\/trabucoradio.com\/home\/index.php?rest_route=\/wp\/v2\/posts\/2765\/revisions"}],"predecessor-version":[{"id":2767,"href":"https:\/\/trabucoradio.com\/home\/index.php?rest_route=\/wp\/v2\/posts\/2765\/revisions\/2767"}],"wp:featuredmedia":[{"embeddable":true,"href":"https:\/\/trabucoradio.com\/home\/index.php?rest_route=\/wp\/v2\/media\/2766"}],"wp:attachment":[{"href":"https:\/\/trabucoradio.com\/home\/index.php?rest_route=%2Fwp%2Fv2%2Fmedia&parent=2765"}],"wp:term":[{"taxonomy":"category","embeddable":true,"href":"https:\/\/trabucoradio.com\/home\/index.php?rest_route=%2Fwp%2Fv2%2Fcategories&post=2765"},{"taxonomy":"post_tag","embeddable":true,"href":"https:\/\/trabucoradio.com\/home\/index.php?rest_route=%2Fwp%2Fv2%2Ftags&post=2765"}],"curies":[{"name":"wp","href":"https:\/\/api.w.org\/{rel}","templated":true}]}}