{"id":2762,"date":"2025-05-22T15:55:29","date_gmt":"2025-05-22T21:55:29","guid":{"rendered":"https:\/\/trabucoradio.com\/home\/?p=2762"},"modified":"2025-05-22T15:55:29","modified_gmt":"2025-05-22T21:55:29","slug":"jornadas-de-paz-en-comalcalco-un-hecho-historico-ovidio-peralta","status":"publish","type":"post","link":"https:\/\/trabucoradio.com\/home\/?p=2762","title":{"rendered":"JORNADAS DE PAZ EN COMALCALCO, UN HECHO HIST\u00d3RICO: OVIDIO PERALTA"},"content":{"rendered":"<div class=\"xdj266r x11i5rnm xat24cr x1mh8g0r x1vvkbs x126k92a\">\n<div dir=\"auto\">JORNADAS DE PAZ EN COMALCALCO, UN HECHO HIST\u00d3RICO: OVIDIO PERALTA<\/div>\n<\/div>\n<div dir=\"auto\"><\/div>\n<div dir=\"auto\"><\/div>\n<div dir=\"auto\"><\/div>\n<div dir=\"auto\"><\/div>\n<div class=\"xdj266r x11i5rnm xat24cr x1mh8g0r x1vvkbs x126k92a\">\n<div dir=\"auto\"><\/div>\n<\/div>\n<div class=\"x11i5rnm xat24cr x1mh8g0r x1vvkbs xtlvy1s x126k92a\">\n<div dir=\"auto\">El alcalde Ovidio Peralta Suarez y la subsecretaria de Prevenci\u00f3n de las Violencias de la Secretar\u00eda de Seguridad y Protecci\u00f3n Ciudadana federal, Esthela Dami\u00e1n Peralta, pusieron en marcha las Jornadas de Paz en Ciudad Tecolutilla , mediante las que se busca prevenir la violencia y garantizar la seguridad de la poblaci\u00f3n.<\/div>\n<div dir=\"auto\"><\/div>\n<div dir=\"auto\"><\/div>\n<\/div>\n<div class=\"x11i5rnm xat24cr x1mh8g0r x1vvkbs xtlvy1s x126k92a\">\n<div dir=\"auto\">\u201cEstas Jornadas de Paz inician aqu\u00ed en Tecolutilla, pero en las semanas siguientes tambi\u00e9n estar\u00e1n en Aldama, Carlos Greene, y en la colonia Tom\u00e1s Garrido de la cabecera municipal\u201d, precis\u00f3 Ovidio Peralta en presencia de Lorena M\u00e9ndez Denis, delegada de Programas Federales.<\/div>\n<div dir=\"auto\"><\/div>\n<div dir=\"auto\"><\/div>\n<\/div>\n<div class=\"x11i5rnm xat24cr x1mh8g0r x1vvkbs xtlvy1s x126k92a\">\n<div dir=\"auto\">En ese sentido, llam\u00f3 a los integrantes de su administraci\u00f3n a sumarse a esta estrategia que los gobiernos de la presidenta Claudia Sheinbaum y del gobernador Javier May Rodr\u00edguez \u00a0respaldan para prevenir la violencia, a trav\u00e9s de la participaci\u00f3n de 21 dependencias estatales y federales, y cerca de 400 servidores p\u00fablicos.<\/div>\n<div dir=\"auto\"><\/div>\n<div dir=\"auto\"><\/div>\n<\/div>\n<div class=\"x11i5rnm xat24cr x1mh8g0r x1vvkbs xtlvy1s x126k92a\">\n<div dir=\"auto\">En las Jornadas de Paz participaron la Guardia Nacional, la Secretar\u00eda de la Defensa Nacional, IMSS-Bienestar, as\u00ed como las secretar\u00edas de Salud, de Bienestar, de la Comisi\u00f3n Nacional de Vivienda, DIF municipal, de Seguridad y Protecci\u00f3n Ciudadana, Instituto Estatal para la Educaci\u00f3n de los Adultos e Infonavit, entre otras.<\/div>\n<\/div>\n","protected":false},"excerpt":{"rendered":"<p>JORNADAS DE PAZ EN COMALCALCO, UN HECHO HIST\u00d3RICO: OVIDIO PERALTA El alcalde Ovidio Peralta Suarez y la subsecretaria de Prevenci\u00f3n de las Violencias de la Secretar\u00eda de Seguridad y Protecci\u00f3n Ciudadana federal, Esthela Dami\u00e1n Peralta, pusieron en marcha las Jornadas de Paz en Ciudad Tecolutilla , mediante las que se busca prevenir la violencia y [&hellip;]<\/p>\n","protected":false},"author":1,"featured_media":2763,"comment_status":"open","ping_status":"open","sticky":false,"template":"","format":"standard","meta":{"footnotes":""},"categories":[3],"tags":[],"class_list":["post-2762","post","type-post","status-publish","format-standard","has-post-thumbnail","hentry","category-politica"],"_links":{"self":[{"href":"https:\/\/trabucoradio.com\/home\/index.php?rest_route=\/wp\/v2\/posts\/2762","targetHints":{"allow":["GET"]}}],"collection":[{"href":"https:\/\/trabucoradio.com\/home\/index.php?rest_route=\/wp\/v2\/posts"}],"about":[{"href":"https:\/\/trabucoradio.com\/home\/index.php?rest_route=\/wp\/v2\/types\/post"}],"author":[{"embeddable":true,"href":"https:\/\/trabucoradio.com\/home\/index.php?rest_route=\/wp\/v2\/users\/1"}],"replies":[{"embeddable":true,"href":"https:\/\/trabucoradio.com\/home\/index.php?rest_route=%2Fwp%2Fv2%2Fcomments&post=2762"}],"version-history":[{"count":1,"href":"https:\/\/trabucoradio.com\/home\/index.php?rest_route=\/wp\/v2\/posts\/2762\/revisions"}],"predecessor-version":[{"id":2764,"href":"https:\/\/trabucoradio.com\/home\/index.php?rest_route=\/wp\/v2\/posts\/2762\/revisions\/2764"}],"wp:featuredmedia":[{"embeddable":true,"href":"https:\/\/trabucoradio.com\/home\/index.php?rest_route=\/wp\/v2\/media\/2763"}],"wp:attachment":[{"href":"https:\/\/trabucoradio.com\/home\/index.php?rest_route=%2Fwp%2Fv2%2Fmedia&parent=2762"}],"wp:term":[{"taxonomy":"category","embeddable":true,"href":"https:\/\/trabucoradio.com\/home\/index.php?rest_route=%2Fwp%2Fv2%2Fcategories&post=2762"},{"taxonomy":"post_tag","embeddable":true,"href":"https:\/\/trabucoradio.com\/home\/index.php?rest_route=%2Fwp%2Fv2%2Ftags&post=2762"}],"curies":[{"name":"wp","href":"https:\/\/api.w.org\/{rel}","templated":true}]}}