{"id":2756,"date":"2025-05-22T15:48:33","date_gmt":"2025-05-22T21:48:33","guid":{"rendered":"https:\/\/trabucoradio.com\/home\/?p=2756"},"modified":"2025-05-22T15:48:33","modified_gmt":"2025-05-22T21:48:33","slug":"se-presenta-la-caperucita-roja-en-centro-cultural-de-cardenas","status":"publish","type":"post","link":"https:\/\/trabucoradio.com\/home\/?p=2756","title":{"rendered":"SE PRESENTA \u201cLA CAPERUCITA ROJA\u201d EN CENTRO CULTURAL DE C\u00c1RDENAS"},"content":{"rendered":"<div class=\"xdj266r x11i5rnm xat24cr x1mh8g0r x1vvkbs x126k92a\">\n<div dir=\"auto\">SE PRESENTA \u201cLA CAPERUCITA ROJA\u201d EN CENTRO CULTURAL DE C\u00c1RDENAS<\/div>\n<div dir=\"auto\"><\/div>\n<\/div>\n<div class=\"x11i5rnm xat24cr x1mh8g0r x1vvkbs xtlvy1s x126k92a\">\n<div dir=\"auto\">Este 24 de mayo, el Centro Cultural Jos\u00e9 Valeriano Maldonado y Arellano ser\u00e1 escenario de la obra \u201cLa Caperucita Roja\u201d, una divertida adaptaci\u00f3n del cl\u00e1sico cuento infantil, presentada a trav\u00e9s del arte de los t\u00edteres . Esta puesta en escena, que combina diversi\u00f3n, aprendizaje e improvisaci\u00f3n, est\u00e1 dise\u00f1ada para encantar tanto a ni\u00f1os como a adultos.<\/div>\n<div dir=\"auto\"><\/div>\n<\/div>\n<div class=\"x11i5rnm xat24cr x1mh8g0r x1vvkbs xtlvy1s x126k92a\">\n<div dir=\"auto\">La obra contar\u00e1 con la participaci\u00f3n de los reconocidos artistas y maestros cubanos Vivian S\u00e1nchez y L\u00e1zaro Hern\u00e1ndez, quienes, junto con Samuel Salda\u00f1a Rivera, director de ARS Agencia Cultural, invitan a trav\u00e9s de Trabuco-Radio, en el espacio informativo con Yessica Mar\u00edn Ramos a todos los cardenenses a disfrutar de este espect\u00e1culo que ya ha recorrido buena parte de Latinoam\u00e9rica y Europa.<\/div>\n<div dir=\"auto\"><\/div>\n<\/div>\n<div class=\"x11i5rnm xat24cr x1mh8g0r x1vvkbs xtlvy1s x126k92a\">\n<div dir=\"auto\">Con m\u00e1s de una d\u00e9cada trabajando en conjunto, Vivian y L\u00e1zaro destacan que esta versi\u00f3n de \u201cLa Caperucita Roja\u201d utiliza figuras animadas y ofrece una experiencia interactiva, con actuaci\u00f3n en vivo que fomenta la reflexi\u00f3n y garantiza entretenimiento para toda la familia.<\/div>\n<div dir=\"auto\"><\/div>\n<\/div>\n<div class=\"x11i5rnm xat24cr x1mh8g0r x1vvkbs xtlvy1s x126k92a\">\n<div dir=\"auto\">Adem\u00e1s, los artistas cubanos extendieron una invitaci\u00f3n especial a los talleres que impartir\u00e1n de manera individual en el mismo centro cultural. Vivian S\u00e1nchez ofrecer\u00e1 un taller de expresi\u00f3n corporal a partir del 31 de mayo, mientras que L\u00e1zaro Hern\u00e1ndez comenzar\u00e1 un taller de teatro de objetos desde el 24 de mayo de 2025.<\/div>\n<\/div>\n","protected":false},"excerpt":{"rendered":"<p>SE PRESENTA \u201cLA CAPERUCITA ROJA\u201d EN CENTRO CULTURAL DE C\u00c1RDENAS Este 24 de mayo, el Centro Cultural Jos\u00e9 Valeriano Maldonado y Arellano ser\u00e1 escenario de la obra \u201cLa Caperucita Roja\u201d, una divertida adaptaci\u00f3n del cl\u00e1sico cuento infantil, presentada a trav\u00e9s del arte de los t\u00edteres . Esta puesta en escena, que combina diversi\u00f3n, aprendizaje e [&hellip;]<\/p>\n","protected":false},"author":1,"featured_media":2757,"comment_status":"open","ping_status":"open","sticky":false,"template":"","format":"standard","meta":{"footnotes":""},"categories":[4],"tags":[],"class_list":["post-2756","post","type-post","status-publish","format-standard","has-post-thumbnail","hentry","category-noticias"],"_links":{"self":[{"href":"https:\/\/trabucoradio.com\/home\/index.php?rest_route=\/wp\/v2\/posts\/2756","targetHints":{"allow":["GET"]}}],"collection":[{"href":"https:\/\/trabucoradio.com\/home\/index.php?rest_route=\/wp\/v2\/posts"}],"about":[{"href":"https:\/\/trabucoradio.com\/home\/index.php?rest_route=\/wp\/v2\/types\/post"}],"author":[{"embeddable":true,"href":"https:\/\/trabucoradio.com\/home\/index.php?rest_route=\/wp\/v2\/users\/1"}],"replies":[{"embeddable":true,"href":"https:\/\/trabucoradio.com\/home\/index.php?rest_route=%2Fwp%2Fv2%2Fcomments&post=2756"}],"version-history":[{"count":1,"href":"https:\/\/trabucoradio.com\/home\/index.php?rest_route=\/wp\/v2\/posts\/2756\/revisions"}],"predecessor-version":[{"id":2758,"href":"https:\/\/trabucoradio.com\/home\/index.php?rest_route=\/wp\/v2\/posts\/2756\/revisions\/2758"}],"wp:featuredmedia":[{"embeddable":true,"href":"https:\/\/trabucoradio.com\/home\/index.php?rest_route=\/wp\/v2\/media\/2757"}],"wp:attachment":[{"href":"https:\/\/trabucoradio.com\/home\/index.php?rest_route=%2Fwp%2Fv2%2Fmedia&parent=2756"}],"wp:term":[{"taxonomy":"category","embeddable":true,"href":"https:\/\/trabucoradio.com\/home\/index.php?rest_route=%2Fwp%2Fv2%2Fcategories&post=2756"},{"taxonomy":"post_tag","embeddable":true,"href":"https:\/\/trabucoradio.com\/home\/index.php?rest_route=%2Fwp%2Fv2%2Ftags&post=2756"}],"curies":[{"name":"wp","href":"https:\/\/api.w.org\/{rel}","templated":true}]}}