{"id":2753,"date":"2025-05-22T15:45:25","date_gmt":"2025-05-22T21:45:25","guid":{"rendered":"https:\/\/trabucoradio.com\/home\/?p=2753"},"modified":"2025-05-22T15:45:25","modified_gmt":"2025-05-22T21:45:25","slug":"entrega-ovidio-peralta-estimulos-economicos-a-maestros-jubilados","status":"publish","type":"post","link":"https:\/\/trabucoradio.com\/home\/?p=2753","title":{"rendered":"ENTREGA OVIDIO PERALTA EST\u00cdMULOS ECON\u00d3MICOS A MAESTROS JUBILADOS\u00a0"},"content":{"rendered":"<div class=\"xdj266r x11i5rnm xat24cr x1mh8g0r x1vvkbs x126k92a\">\n<div dir=\"auto\">ENTREGA OVIDIO PERALTA EST\u00cdMULOS ECON\u00d3MICOS A MAESTROS JUBILADOS<\/div>\n<\/div>\n<div dir=\"auto\"><\/div>\n<div dir=\"auto\"><\/div>\n<div class=\"x11i5rnm xat24cr x1mh8g0r x1vvkbs xtlvy1s x126k92a\">\n<div dir=\"auto\">\u00a0El alcalde entreg\u00f3 541 bonos en efectivo a docentes por su invaluable labor en la formaci\u00f3n de generaciones que hoy son pieza clave en el progreso de Comalcalco , Tabasco y M\u00e9xico<\/div>\n<\/div>\n<div class=\"x11i5rnm xat24cr x1mh8g0r x1vvkbs xtlvy1s x126k92a\">\n<div dir=\"auto\">El alcalde Ovidio Peralta Su\u00e1rez sostuvo un emotivo encuentro con maestras y maestros jubilados, a quienes reconoci\u00f3 por su invaluable labor en la formaci\u00f3n de generaciones que hoy son pieza clave en el progreso de Comalcalco, Tabasco y M\u00e9xico.<\/div>\n<div dir=\"auto\"><\/div>\n<\/div>\n<div class=\"x11i5rnm xat24cr x1mh8g0r x1vvkbs xtlvy1s x126k92a\">\n<div dir=\"auto\">Tras entregar 541 est\u00edmulos econ\u00f3micos, el presidente municipal apunt\u00f3 que se trata de un apoyo que se les entrega con mucho cari\u00f1o y agradecimiento, y \u201caunque quisi\u00e9ramos que fuera m\u00e1s, los recursos del Ayuntamiento son finitos y se deben atender otras \u00e1reas\u201d.<\/div>\n<div dir=\"auto\"><\/div>\n<\/div>\n<div class=\"x11i5rnm xat24cr x1mh8g0r x1vvkbs xtlvy1s x126k92a\">\n<div dir=\"auto\">Acompa\u00f1ado por Laura Rodr\u00edguez Ol\u00e1n, presidenta del DIF municipal, Ovidio Peralta destac\u00f3 que el compromiso y dedicaci\u00f3n de los docentes \u00a0jubilados se reflejan en la transmisi\u00f3n de conocimientos, pero tambi\u00e9n de valores fundamentales que han fortalecido a Comalcalco como municipio pr\u00f3spero y solidario.<\/div>\n<div dir=\"auto\"><\/div>\n<\/div>\n<div class=\"x11i5rnm xat24cr x1mh8g0r x1vvkbs xtlvy1s x126k92a\">\n<div dir=\"auto\">En presencia de Jorge Peregrino C\u00f3rdova, titular de DECUR, el alcalde reconoci\u00f3 que el trabajo de los maestros ha ido m\u00e1s all\u00e1 del aula, ya que moldearon generaciones de ciudadanos\u00a0 \u00a0responsables, comprometidos con su comunidad, y \u201ceso se traduce en el Comalcalco que hoy tenemos\u201d.<\/div>\n<div dir=\"auto\"><\/div>\n<\/div>\n<div class=\"x11i5rnm xat24cr x1mh8g0r x1vvkbs xtlvy1s x126k92a\">\n<div dir=\"auto\">Poco antes de saludar a docentes que le dieron clases a \u00e9l y a su esposa en primaria, secundaria y preparatoria, Ovidio Peralta subray\u00f3 la importancia de la educaci\u00f3n \u00a0como herramienta para recuperar valores sociales y garantizar igualdad de oportunidades para la ni\u00f1ez.<\/div>\n<div dir=\"auto\"><\/div>\n<\/div>\n<div class=\"x11i5rnm xat24cr x1mh8g0r x1vvkbs xtlvy1s x126k92a\">\n<div dir=\"auto\">\u201cGracias a su empe\u00f1o, dedicaci\u00f3n y paciencia se han forjado nuevas generaciones de profesionistas que hoy gu\u00edan y fortalecen nuestro municipio, estado y pa\u00eds\u201d, recalc\u00f3 de manera emotiva al valorar lo mucho que hicieron para ense\u00f1ar, motivar y ayudar a crecer a sus alumnos.<\/div>\n<div dir=\"auto\"><\/div>\n<\/div>\n<div class=\"x11i5rnm xat24cr x1mh8g0r x1vvkbs xtlvy1s x126k92a\">\n<div dir=\"auto\">Ovidio Peralta insisti\u00f3 en que fortalecer el tejido social requiere de una base educativa s\u00f3lida, toda vez que, si se desea una sociedad m\u00e1s justa, se debe asegurar que todas las ni\u00f1as y ni\u00f1os tengan acceso a las mismas oportunidades, ya que la educaci\u00f3n es el camino para construir un futuro con \u00e9xito para todos.<\/div>\n<div dir=\"auto\"><\/div>\n<\/div>\n<div class=\"x11i5rnm xat24cr x1mh8g0r x1vvkbs xtlvy1s x126k92a\">\n<div dir=\"auto\">Por su parte, al parafrasear las palabras del ex presidente Andr\u00e9s Manuel L\u00f3pez Obrador, el profesor Efr\u00e9n Rodr\u00edguez, secretario general de la secci\u00f3n 29 del Sindicato Nacional de Trabajadores de la Educaci\u00f3n (SNTE), delegaci\u00f3n Comalcalco, dijo que \u201camor con amor se paga\u201d.<\/div>\n<div dir=\"auto\"><\/div>\n<\/div>\n<div class=\"x11i5rnm xat24cr x1mh8g0r x1vvkbs xtlvy1s x126k92a\">\n<div dir=\"auto\">A nombre de todos los integrantes del gremio magisterial de jubilados, agradeci\u00f3 el bono en efectivo que mucho les sirve para su gasto diario, y expres\u00f3 que con esa acci\u00f3n Ovidio Peralta Su\u00e1rez hace honor a la frase del l\u00edder m\u00e1ximo de la Cuarta Transformaci\u00f3n que reza: Con el pueblo todo, sin el pueblo nada.<\/div>\n<div dir=\"auto\"><\/div>\n<\/div>\n<div class=\"x11i5rnm xat24cr x1mh8g0r x1vvkbs xtlvy1s x126k92a\">\n<div dir=\"auto\">\u201cHoy podemos decir que tenemos la dicha de tener l\u00edderes pol\u00edticos que se esfuerzan por trabajar en beneficio del pueblo, como la presidenta Claudia Sheinbaum Pardo , el gobernador Javier May Rodr\u00edguez y el presidente Ovidio Peralta\u201d, asent\u00f3 finalmente.<\/div>\n<\/div>\n","protected":false},"excerpt":{"rendered":"<p>ENTREGA OVIDIO PERALTA EST\u00cdMULOS ECON\u00d3MICOS A MAESTROS JUBILADOS \u00a0El alcalde entreg\u00f3 541 bonos en efectivo a docentes por su invaluable labor en la formaci\u00f3n de generaciones que hoy son pieza clave en el progreso de Comalcalco , Tabasco y M\u00e9xico El alcalde Ovidio Peralta Su\u00e1rez sostuvo un emotivo encuentro con maestras y maestros jubilados, a [&hellip;]<\/p>\n","protected":false},"author":1,"featured_media":2754,"comment_status":"open","ping_status":"open","sticky":false,"template":"","format":"standard","meta":{"footnotes":""},"categories":[3],"tags":[],"class_list":["post-2753","post","type-post","status-publish","format-standard","has-post-thumbnail","hentry","category-politica"],"_links":{"self":[{"href":"https:\/\/trabucoradio.com\/home\/index.php?rest_route=\/wp\/v2\/posts\/2753","targetHints":{"allow":["GET"]}}],"collection":[{"href":"https:\/\/trabucoradio.com\/home\/index.php?rest_route=\/wp\/v2\/posts"}],"about":[{"href":"https:\/\/trabucoradio.com\/home\/index.php?rest_route=\/wp\/v2\/types\/post"}],"author":[{"embeddable":true,"href":"https:\/\/trabucoradio.com\/home\/index.php?rest_route=\/wp\/v2\/users\/1"}],"replies":[{"embeddable":true,"href":"https:\/\/trabucoradio.com\/home\/index.php?rest_route=%2Fwp%2Fv2%2Fcomments&post=2753"}],"version-history":[{"count":1,"href":"https:\/\/trabucoradio.com\/home\/index.php?rest_route=\/wp\/v2\/posts\/2753\/revisions"}],"predecessor-version":[{"id":2755,"href":"https:\/\/trabucoradio.com\/home\/index.php?rest_route=\/wp\/v2\/posts\/2753\/revisions\/2755"}],"wp:featuredmedia":[{"embeddable":true,"href":"https:\/\/trabucoradio.com\/home\/index.php?rest_route=\/wp\/v2\/media\/2754"}],"wp:attachment":[{"href":"https:\/\/trabucoradio.com\/home\/index.php?rest_route=%2Fwp%2Fv2%2Fmedia&parent=2753"}],"wp:term":[{"taxonomy":"category","embeddable":true,"href":"https:\/\/trabucoradio.com\/home\/index.php?rest_route=%2Fwp%2Fv2%2Fcategories&post=2753"},{"taxonomy":"post_tag","embeddable":true,"href":"https:\/\/trabucoradio.com\/home\/index.php?rest_route=%2Fwp%2Fv2%2Ftags&post=2753"}],"curies":[{"name":"wp","href":"https:\/\/api.w.org\/{rel}","templated":true}]}}