{"id":2750,"date":"2025-05-22T15:40:53","date_gmt":"2025-05-22T21:40:53","guid":{"rendered":"https:\/\/trabucoradio.com\/home\/?p=2750"},"modified":"2025-05-22T15:40:53","modified_gmt":"2025-05-22T21:40:53","slug":"destaca-presidenta-sheinbaum-colaboracion-de-javier-may-y-otros-gobernadores-en-la-estrategia-nacional-de-seguridad","status":"publish","type":"post","link":"https:\/\/trabucoradio.com\/home\/?p=2750","title":{"rendered":"DESTACA PRESIDENTA SHEINBAUM COLABORACI\u00d3N DE JAVIER MAY Y OTROS GOBERNADORES EN LA ESTRATEGIA NACIONAL DE SEGURIDAD\u00a0"},"content":{"rendered":"<div class=\"xdj266r x11i5rnm xat24cr x1mh8g0r x1vvkbs x126k92a\">\n<div dir=\"auto\">DESTACA PRESIDENTA SHEINBAUM COLABORACI\u00d3N DE JAVIER MAY Y OTROS GOBERNADORES EN LA ESTRATEGIA NACIONAL DE SEGURIDAD<\/div>\n<\/div>\n<div dir=\"auto\"><\/div>\n<div dir=\"auto\"><\/div>\n<div class=\"xdj266r x11i5rnm xat24cr x1mh8g0r x1vvkbs x126k92a\">\n<div dir=\"auto\"><\/div>\n<\/div>\n<div class=\"x11i5rnm xat24cr x1mh8g0r x1vvkbs xtlvy1s x126k92a\">\n<div dir=\"auto\">La Presidenta Claudia Sheinbaum Pardo asegur\u00f3 que las y los gobernadores del pa\u00eds participan peri\u00f3dicamente en las reuniones del gabinete de Seguridad que se realizan en Palacio Nacional, y resalt\u00f3 que el mandatario tabasque\u00f1o, Javier May Rodr\u00edguez, ha acudido en varias ocasiones a estas evaluaciones.<\/div>\n<div dir=\"auto\"><\/div>\n<\/div>\n<div class=\"x11i5rnm xat24cr x1mh8g0r x1vvkbs xtlvy1s x126k92a\">\n<div dir=\"auto\">\u201cLos gobernadores \u00a0vienen seguido a las reuniones del gabinete de seguridad, porque hay una coordinaci\u00f3n y colaboraci\u00f3n constante. Y el gobernador de Tabasco ha venido en diferentes ocasiones\u201d, subray\u00f3 en su conferencia matutina desde Palacio Nacional.<\/div>\n<div dir=\"auto\"><\/div>\n<\/div>\n<div class=\"x11i5rnm xat24cr x1mh8g0r x1vvkbs xtlvy1s x126k92a\">\n<div dir=\"auto\">En el encuentro diario con los medios de comunicaci\u00f3n, Sheinbaum Pardo fue cuestionada sobre el funcionamiento de las Mesas de Coordinaci\u00f3n para la Construcci\u00f3n de la Paz en las distintas entidades, en ese tenor, indic\u00f3 que existe voluntad de la mayor\u00eda de los mandatarios de continuar con este esquema instaurado en el gobierno de Andr\u00e9s Manuel L\u00f3pez Obrador y que, de forma exitosa, ayuda en el an\u00e1lisis de la situaci\u00f3n general del pa\u00eds y particular de cada regi\u00f3n.<\/div>\n<div dir=\"auto\"><\/div>\n<\/div>\n<div class=\"x11i5rnm xat24cr x1mh8g0r x1vvkbs xtlvy1s x126k92a\">\n<div dir=\"auto\">\u201cY lo que nosotros les pedimos a los gobernadores de los estados, es que encabecen esos encuentros, a los que asisten representantes de los tres \u00f3rdenes de gobierno\u201d, mencion\u00f3 la mandataria.<\/div>\n<\/div>\n<div class=\"x11i5rnm xat24cr x1mh8g0r x1vvkbs xtlvy1s x126k92a\">\n<div dir=\"auto\">La Presidenta de M\u00e9xico\u00a0tambi\u00e9n explic\u00f3 que existen mesas regionales a las que asisten mandatarios de la zona, elementos de la Guardia y el Ej\u00e9rcito nacionales, y un representante del gobierno federal, con el objetivo de realizan evaluaciones.<\/div>\n<div dir=\"auto\"><\/div>\n<\/div>\n<div class=\"x11i5rnm xat24cr x1mh8g0r x1vvkbs xtlvy1s x126k92a\">\n<div dir=\"auto\">Desde el inicio de su gesti\u00f3n como Gobernador de Tabasco, Javier May Rodr\u00edguez ha dado un valor prioritario al tema de la seguridad, raz\u00f3n por la que diariamente se re\u00fane con integrantes del gabinete de seguridad, fuerzas federales, as\u00ed como representantes de las fiscal\u00edas estatal y de la Rep\u00fablica, y del Tribunal Superior de Justicia. Dichos encuentros se efect\u00faan en los 17 municipios de la entidad.<\/div>\n<div dir=\"auto\"><\/div>\n<\/div>\n<div class=\"x11i5rnm xat24cr x1mh8g0r x1vvkbs xtlvy1s x126k92a\">\n<div dir=\"auto\">Por otra parte, la Presidenta Claudia Sheinbaum confirm\u00f3 que este viernes 23, las y los gobernadores cuyas entidades est\u00e1n bajo el r\u00e9gimen del IMSS-Bienestar, se reunir\u00e1n con ella en Palacio Nacional para analizar avances en su implementaci\u00f3n. A este encuentro tambi\u00e9n est\u00e1 convocado May Rodr\u00edguez.<\/div>\n<\/div>\n","protected":false},"excerpt":{"rendered":"<p>DESTACA PRESIDENTA SHEINBAUM COLABORACI\u00d3N DE JAVIER MAY Y OTROS GOBERNADORES EN LA ESTRATEGIA NACIONAL DE SEGURIDAD La Presidenta Claudia Sheinbaum Pardo asegur\u00f3 que las y los gobernadores del pa\u00eds participan peri\u00f3dicamente en las reuniones del gabinete de Seguridad que se realizan en Palacio Nacional, y resalt\u00f3 que el mandatario tabasque\u00f1o, Javier May Rodr\u00edguez, ha acudido [&hellip;]<\/p>\n","protected":false},"author":1,"featured_media":2751,"comment_status":"open","ping_status":"open","sticky":false,"template":"","format":"standard","meta":{"footnotes":""},"categories":[4],"tags":[],"class_list":["post-2750","post","type-post","status-publish","format-standard","has-post-thumbnail","hentry","category-noticias"],"_links":{"self":[{"href":"https:\/\/trabucoradio.com\/home\/index.php?rest_route=\/wp\/v2\/posts\/2750","targetHints":{"allow":["GET"]}}],"collection":[{"href":"https:\/\/trabucoradio.com\/home\/index.php?rest_route=\/wp\/v2\/posts"}],"about":[{"href":"https:\/\/trabucoradio.com\/home\/index.php?rest_route=\/wp\/v2\/types\/post"}],"author":[{"embeddable":true,"href":"https:\/\/trabucoradio.com\/home\/index.php?rest_route=\/wp\/v2\/users\/1"}],"replies":[{"embeddable":true,"href":"https:\/\/trabucoradio.com\/home\/index.php?rest_route=%2Fwp%2Fv2%2Fcomments&post=2750"}],"version-history":[{"count":1,"href":"https:\/\/trabucoradio.com\/home\/index.php?rest_route=\/wp\/v2\/posts\/2750\/revisions"}],"predecessor-version":[{"id":2752,"href":"https:\/\/trabucoradio.com\/home\/index.php?rest_route=\/wp\/v2\/posts\/2750\/revisions\/2752"}],"wp:featuredmedia":[{"embeddable":true,"href":"https:\/\/trabucoradio.com\/home\/index.php?rest_route=\/wp\/v2\/media\/2751"}],"wp:attachment":[{"href":"https:\/\/trabucoradio.com\/home\/index.php?rest_route=%2Fwp%2Fv2%2Fmedia&parent=2750"}],"wp:term":[{"taxonomy":"category","embeddable":true,"href":"https:\/\/trabucoradio.com\/home\/index.php?rest_route=%2Fwp%2Fv2%2Fcategories&post=2750"},{"taxonomy":"post_tag","embeddable":true,"href":"https:\/\/trabucoradio.com\/home\/index.php?rest_route=%2Fwp%2Fv2%2Ftags&post=2750"}],"curies":[{"name":"wp","href":"https:\/\/api.w.org\/{rel}","templated":true}]}}