{"id":2740,"date":"2025-05-21T16:03:37","date_gmt":"2025-05-21T22:03:37","guid":{"rendered":"https:\/\/trabucoradio.com\/home\/?p=2740"},"modified":"2025-05-21T16:03:37","modified_gmt":"2025-05-21T22:03:37","slug":"rusia-califica-de-contraproducente-imponer-plazos-al-dialogo-de-paz-con-ucrania","status":"publish","type":"post","link":"https:\/\/trabucoradio.com\/home\/?p=2740","title":{"rendered":"RUSIA CALIFICA DE \u00abCONTRAPRODUCENTE\u00bb IMPONER PLAZOS AL DI\u00c1LOGO DE PAZ CON UCRANIA"},"content":{"rendered":"<p>RUSIA CALIFICA DE \u00abCONTRAPRODUCENTE\u00bb IMPONER PLAZOS AL DI\u00c1LOGO DE PAZ CON UCRANIA<\/p>\n<p>&nbsp;<\/p>\n<p>Los intentos de Europa de imponer plazos \u00abartificiales\u00bb al di\u00e1logo de paz ruso-ucraniano son \u00ababsolutamente contraproducentes\u00bb, declar\u00f3\u00a0la portavoz de Exteriores de Rusia, Mar\u00eda Zaj\u00e1rova.<\/p>\n<p>\u00abIntentar crear un marco temporal artificial para el di\u00e1logo, presionar, dar ultim\u00e1tums, amenazar, chantajear, avivar la tensi\u00f3n a trav\u00e9s de los medios de comunicaci\u00f3n controlados por grupos de poder occidentales o crear una agitaci\u00f3n malsana es absolutamente contraproducente\u00bb, asegur\u00f3 Zaj\u00e1rova en comparecencia de prensa.<\/p>\n<p>La portavoz de Exteriores\u00a0coment\u00f3 as\u00ed las declaraciones de altos funcionarios europeos sobre el car\u00e1cter decisivo de esta semana para el arreglo en Ucrania.<\/p>\n<p>Seg\u00fan Zaj\u00e1rova, los futuros pasos en las negociaciones con Kiev depender\u00e1n de la realizaci\u00f3n de lo acordado por las partes en Estambul el pasado 16 de mayo.<\/p>\n<p>\u00abAhora lo importante es implementar lo acordado en Estambul el 16 de mayo. Organizar el mayor intercambio de prisioneros en tres a\u00f1os seg\u00fan la f\u00f3rmula mil por mil y presentar por escrito las propuestas para un posible futuro proceso de arreglo\u00bb, dijo.<\/p>\n<p>Los pasos siguientes, agreg\u00f3, se elaborar\u00e1n \u00abteniendo en cuenta\u00bb el cumplimiento de las mencionadas cl\u00e1usulas.<\/p>\n<p>La alta representante de la Uni\u00f3n Europea (UE) para Asuntos Exteriores, Kaja Kallas, afirm\u00f3 este martes que Rusia sigue sin querer la paz y no hay m\u00e1s alternativa que presionarle con m\u00e1s sanciones.<\/p>\n","protected":false},"excerpt":{"rendered":"<p>RUSIA CALIFICA DE \u00abCONTRAPRODUCENTE\u00bb IMPONER PLAZOS AL DI\u00c1LOGO DE PAZ CON UCRANIA &nbsp; Los intentos de Europa de imponer plazos \u00abartificiales\u00bb al di\u00e1logo de paz ruso-ucraniano son \u00ababsolutamente contraproducentes\u00bb, declar\u00f3\u00a0la portavoz de Exteriores de Rusia, Mar\u00eda Zaj\u00e1rova. \u00abIntentar crear un marco temporal artificial para el di\u00e1logo, presionar, dar ultim\u00e1tums, amenazar, chantajear, avivar la tensi\u00f3n a [&hellip;]<\/p>\n","protected":false},"author":1,"featured_media":2741,"comment_status":"open","ping_status":"open","sticky":false,"template":"","format":"standard","meta":{"footnotes":""},"categories":[4],"tags":[],"class_list":["post-2740","post","type-post","status-publish","format-standard","has-post-thumbnail","hentry","category-noticias"],"_links":{"self":[{"href":"https:\/\/trabucoradio.com\/home\/index.php?rest_route=\/wp\/v2\/posts\/2740","targetHints":{"allow":["GET"]}}],"collection":[{"href":"https:\/\/trabucoradio.com\/home\/index.php?rest_route=\/wp\/v2\/posts"}],"about":[{"href":"https:\/\/trabucoradio.com\/home\/index.php?rest_route=\/wp\/v2\/types\/post"}],"author":[{"embeddable":true,"href":"https:\/\/trabucoradio.com\/home\/index.php?rest_route=\/wp\/v2\/users\/1"}],"replies":[{"embeddable":true,"href":"https:\/\/trabucoradio.com\/home\/index.php?rest_route=%2Fwp%2Fv2%2Fcomments&post=2740"}],"version-history":[{"count":1,"href":"https:\/\/trabucoradio.com\/home\/index.php?rest_route=\/wp\/v2\/posts\/2740\/revisions"}],"predecessor-version":[{"id":2742,"href":"https:\/\/trabucoradio.com\/home\/index.php?rest_route=\/wp\/v2\/posts\/2740\/revisions\/2742"}],"wp:featuredmedia":[{"embeddable":true,"href":"https:\/\/trabucoradio.com\/home\/index.php?rest_route=\/wp\/v2\/media\/2741"}],"wp:attachment":[{"href":"https:\/\/trabucoradio.com\/home\/index.php?rest_route=%2Fwp%2Fv2%2Fmedia&parent=2740"}],"wp:term":[{"taxonomy":"category","embeddable":true,"href":"https:\/\/trabucoradio.com\/home\/index.php?rest_route=%2Fwp%2Fv2%2Fcategories&post=2740"},{"taxonomy":"post_tag","embeddable":true,"href":"https:\/\/trabucoradio.com\/home\/index.php?rest_route=%2Fwp%2Fv2%2Ftags&post=2740"}],"curies":[{"name":"wp","href":"https:\/\/api.w.org\/{rel}","templated":true}]}}