{"id":2737,"date":"2025-05-21T16:00:49","date_gmt":"2025-05-21T22:00:49","guid":{"rendered":"https:\/\/trabucoradio.com\/home\/?p=2737"},"modified":"2025-05-21T16:00:49","modified_gmt":"2025-05-21T22:00:49","slug":"cnte-amaga-con-extender-su-planton-ante-falta-de-respuesta-de-sheinbaum","status":"publish","type":"post","link":"https:\/\/trabucoradio.com\/home\/?p=2737","title":{"rendered":"CNTE AMAGA CON EXTENDER SU PLANT\u00d3N ANTE FALTA DE RESPUESTA DE SHEINBAUM"},"content":{"rendered":"<p>CNTE AMAGA CON EXTENDER SU PLANT\u00d3N ANTE FALTA DE RESPUESTA DE SHEINBAUM<\/p>\n<p>&nbsp;<\/p>\n<p>Este mi\u00e9rcoles los\u00a0maestros de la\u00a0Coordinadora Nacional de Trabajadores de la Educaci\u00f3n\u00a0(CNTE)\u00a0advirtieron que extender\u00e1n a m\u00e1s cuadras el plant\u00f3n que mantienen\u00a0en el Centro de la Ciudad de M\u00e9xico, ante la posible llegada de m\u00e1s docentes.<\/p>\n<p>Luego de evitar el paso de la prensa a Palacio Nacional para la conferencia matutina de la presidenta de M\u00e9xico, Claudia Sheinbaum Pardo, integrantes de la CNTE\u00a0<strong>hicieron su propia <\/strong>conferencia a los medios para exigir al gobierno mejoras en sus condiciones laborales.<\/p>\n<p>\u00abSiguen llegando compa\u00f1eros, est\u00e1n instalando las casas de campa\u00f1a y seguramente nos vamos a extender a varias cuadras alrededor de Palacio Nacional porque ya no cabemos en el Z\u00f3calo\u00bb, dijo uno de los l\u00edderes de la CNTE.<\/p>\n<p>Asimismo, convocaron a m\u00e1s secciones de la Coordinadora a que lleguen a la capital para unirse a las manifestaciones y exigencias del contingente que dieron inicio el pasado 15 de mayo. Los docentes adem\u00e1s anunciaron que seguir\u00e1n los bloqueos en la avenida Paseo de la Reforma parapresionar adelanto de reuni\u00f3n con la mandataria federal.<\/p>\n<p>De acuerdo con el C5 de la Ciudad de M\u00e9xico, est\u00e1n cerradas las vialidades sobre Paseo de la Reforma y Jos\u00e9 Mar\u00eda Lafragua, en la colonia Tabacalera; adem\u00e1s de que se encuentran marchando desde el Monumento a la Revoluci\u00f3n hasta el Z\u00f3calo.<\/p>\n<p>\u00abSolo es un asunto de voluntad pol\u00edtica para que esta puerta se abra y se d\u00e9 la entrada a la comisi\u00f3n y que nos de la respuesta concreta de que se abroga la reforma (a la Ley del ISSSTE del 2007)\u00bb, dijeron.<\/p>\n","protected":false},"excerpt":{"rendered":"<p>CNTE AMAGA CON EXTENDER SU PLANT\u00d3N ANTE FALTA DE RESPUESTA DE SHEINBAUM &nbsp; Este mi\u00e9rcoles los\u00a0maestros de la\u00a0Coordinadora Nacional de Trabajadores de la Educaci\u00f3n\u00a0(CNTE)\u00a0advirtieron que extender\u00e1n a m\u00e1s cuadras el plant\u00f3n que mantienen\u00a0en el Centro de la Ciudad de M\u00e9xico, ante la posible llegada de m\u00e1s docentes. Luego de evitar el paso de la prensa [&hellip;]<\/p>\n","protected":false},"author":1,"featured_media":2738,"comment_status":"open","ping_status":"open","sticky":false,"template":"","format":"standard","meta":{"footnotes":""},"categories":[4],"tags":[],"class_list":["post-2737","post","type-post","status-publish","format-standard","has-post-thumbnail","hentry","category-noticias"],"_links":{"self":[{"href":"https:\/\/trabucoradio.com\/home\/index.php?rest_route=\/wp\/v2\/posts\/2737","targetHints":{"allow":["GET"]}}],"collection":[{"href":"https:\/\/trabucoradio.com\/home\/index.php?rest_route=\/wp\/v2\/posts"}],"about":[{"href":"https:\/\/trabucoradio.com\/home\/index.php?rest_route=\/wp\/v2\/types\/post"}],"author":[{"embeddable":true,"href":"https:\/\/trabucoradio.com\/home\/index.php?rest_route=\/wp\/v2\/users\/1"}],"replies":[{"embeddable":true,"href":"https:\/\/trabucoradio.com\/home\/index.php?rest_route=%2Fwp%2Fv2%2Fcomments&post=2737"}],"version-history":[{"count":1,"href":"https:\/\/trabucoradio.com\/home\/index.php?rest_route=\/wp\/v2\/posts\/2737\/revisions"}],"predecessor-version":[{"id":2739,"href":"https:\/\/trabucoradio.com\/home\/index.php?rest_route=\/wp\/v2\/posts\/2737\/revisions\/2739"}],"wp:featuredmedia":[{"embeddable":true,"href":"https:\/\/trabucoradio.com\/home\/index.php?rest_route=\/wp\/v2\/media\/2738"}],"wp:attachment":[{"href":"https:\/\/trabucoradio.com\/home\/index.php?rest_route=%2Fwp%2Fv2%2Fmedia&parent=2737"}],"wp:term":[{"taxonomy":"category","embeddable":true,"href":"https:\/\/trabucoradio.com\/home\/index.php?rest_route=%2Fwp%2Fv2%2Fcategories&post=2737"},{"taxonomy":"post_tag","embeddable":true,"href":"https:\/\/trabucoradio.com\/home\/index.php?rest_route=%2Fwp%2Fv2%2Ftags&post=2737"}],"curies":[{"name":"wp","href":"https:\/\/api.w.org\/{rel}","templated":true}]}}