{"id":2734,"date":"2025-05-21T15:58:18","date_gmt":"2025-05-21T21:58:18","guid":{"rendered":"https:\/\/trabucoradio.com\/home\/?p=2734"},"modified":"2025-05-21T15:58:18","modified_gmt":"2025-05-21T21:58:18","slug":"mueren-cinco-estudiantes-de-veterinaria-de-la-unam-tras-caer-a-canal-de-aguas-negras","status":"publish","type":"post","link":"https:\/\/trabucoradio.com\/home\/?p=2734","title":{"rendered":"MUEREN CINCO ESTUDIANTES DE VETERINARIA DE LA UNAM TRAS CAER A CANAL DE AGUAS NEGRAS"},"content":{"rendered":"<p>MUEREN CINCO ESTUDIANTES DE VETERINARIA DE LA UNAM TRAS CAER A CANAL DE AGUAS NEGRAS<\/p>\n<p>&nbsp;<\/p>\n<p>Este mi\u00e9rcoles\u00a0<strong>f<\/strong>allecieron al menos cinco estudiantes de la Facultad de Estudios Superiores\u00a0(FES) Cuautitl\u00e1n en un\u00a0accidente automovil\u00edsticoen las inmediaciones del campus.<\/p>\n<p>De acuerdo con los reportes, los hechos se registraron en la intersecci\u00f3n de la avenida Cuautitl\u00e1n M\u00e9xico y Emisor Poniente, cuando el veh\u00edculo cay\u00f3 al agua. Las autoridades indicaron que\u00a0<strong>los <\/strong>j\u00f3venes fueron encontrados sin signos vitales ni se\u00f1ales visibles de violencia.<\/p>\n<p>Por medio de un comunicada la\u00a0FES Cuautitl\u00e1n afirm\u00f3 que los titulares de la Secretar\u00eda de Atenci\u00f3n a la Comunidad y la Unidad Jur\u00eddica se comunicaron con los familiares de los estudiantes.<\/p>\n<p>\u201cExpresamos nuestras m\u00e1s sentidas condolencias a las familias, amistades y seres queridos de nuestros estudiantes. Compartimos su dolor\u201d, publicaron.<\/p>\n<p>Por su parte la\u00a0Universidad Nacional Aut\u00f3noma de M\u00e9xico (UNAM) explic\u00f3 que los j\u00f3venes eran estudiantes de la licenciatura de Medicina Veterinaria y Zootecnia, adem\u00e1s afirm\u00f3 que\u00a0dicho accidente ocurri\u00f3 debido a las condiciones clim\u00e1ticas.<\/p>\n","protected":false},"excerpt":{"rendered":"<p>MUEREN CINCO ESTUDIANTES DE VETERINARIA DE LA UNAM TRAS CAER A CANAL DE AGUAS NEGRAS &nbsp; Este mi\u00e9rcoles\u00a0fallecieron al menos cinco estudiantes de la Facultad de Estudios Superiores\u00a0(FES) Cuautitl\u00e1n en un\u00a0accidente automovil\u00edsticoen las inmediaciones del campus. De acuerdo con los reportes, los hechos se registraron en la intersecci\u00f3n de la avenida Cuautitl\u00e1n M\u00e9xico y Emisor [&hellip;]<\/p>\n","protected":false},"author":1,"featured_media":2735,"comment_status":"open","ping_status":"open","sticky":false,"template":"","format":"standard","meta":{"footnotes":""},"categories":[4],"tags":[],"class_list":["post-2734","post","type-post","status-publish","format-standard","has-post-thumbnail","hentry","category-noticias"],"_links":{"self":[{"href":"https:\/\/trabucoradio.com\/home\/index.php?rest_route=\/wp\/v2\/posts\/2734","targetHints":{"allow":["GET"]}}],"collection":[{"href":"https:\/\/trabucoradio.com\/home\/index.php?rest_route=\/wp\/v2\/posts"}],"about":[{"href":"https:\/\/trabucoradio.com\/home\/index.php?rest_route=\/wp\/v2\/types\/post"}],"author":[{"embeddable":true,"href":"https:\/\/trabucoradio.com\/home\/index.php?rest_route=\/wp\/v2\/users\/1"}],"replies":[{"embeddable":true,"href":"https:\/\/trabucoradio.com\/home\/index.php?rest_route=%2Fwp%2Fv2%2Fcomments&post=2734"}],"version-history":[{"count":1,"href":"https:\/\/trabucoradio.com\/home\/index.php?rest_route=\/wp\/v2\/posts\/2734\/revisions"}],"predecessor-version":[{"id":2736,"href":"https:\/\/trabucoradio.com\/home\/index.php?rest_route=\/wp\/v2\/posts\/2734\/revisions\/2736"}],"wp:featuredmedia":[{"embeddable":true,"href":"https:\/\/trabucoradio.com\/home\/index.php?rest_route=\/wp\/v2\/media\/2735"}],"wp:attachment":[{"href":"https:\/\/trabucoradio.com\/home\/index.php?rest_route=%2Fwp%2Fv2%2Fmedia&parent=2734"}],"wp:term":[{"taxonomy":"category","embeddable":true,"href":"https:\/\/trabucoradio.com\/home\/index.php?rest_route=%2Fwp%2Fv2%2Fcategories&post=2734"},{"taxonomy":"post_tag","embeddable":true,"href":"https:\/\/trabucoradio.com\/home\/index.php?rest_route=%2Fwp%2Fv2%2Ftags&post=2734"}],"curies":[{"name":"wp","href":"https:\/\/api.w.org\/{rel}","templated":true}]}}