{"id":2731,"date":"2025-05-21T15:55:47","date_gmt":"2025-05-21T21:55:47","guid":{"rendered":"https:\/\/trabucoradio.com\/home\/?p=2731"},"modified":"2025-05-21T15:55:47","modified_gmt":"2025-05-21T21:55:47","slug":"realizan-trabajos-preventivos-en-centro-ante-la-proxima-temporada-de-lluvias","status":"publish","type":"post","link":"https:\/\/trabucoradio.com\/home\/?p=2731","title":{"rendered":"REALIZAN TRABAJOS PREVENTIVOS EN CENTRO ANTE LA PR\u00d3XIMA TEMPORADA DE LLUVIAS"},"content":{"rendered":"<p>REALIZAN TRABAJOS PREVENTIVOS EN CENTRO ANTE LA PR\u00d3XIMA TEMPORADA DE LLUVIAS<\/p>\n<p>&nbsp;<\/p>\n<p>De cara a la temporada de lluvias que se espera para el pr\u00f3ximo fin de semana, seintensificaron los trabajos preventivosde desazolve y limpieza de alcantarillas en el municipio, refiri\u00f3 la alcaldesa de Centro, Yolanda Osuna Huerta.<\/p>\n<p>Expuso que estas acciones evitar\u00e1n las anegaciones que se registraron en d\u00edas pasados, cuando el sistema de drenaje colaps\u00f3 debido a la acumulaci\u00f3n de basura y\u00a0<strong>residuos en las alcantarillas.\u00a0<\/strong><\/p>\n<p>\u201cHace dos semanas, del 9 al 10, precisamente esa madrugada que llovi\u00f3 intenso, estuvimos trabajando en esa parte. Estamos reforzando las labores de limpieza y desazolve en la red de drenaje para prevenir posibles afectaciones\u201d, puntualiz\u00f3.<\/p>\n<p>Asimismo, Osuna Huerta dio a conocer que visit\u00f3 el\u00a0fraccionamiento Plaza Villahermosa, donde supervis\u00f3 los trabajos de control de una fuga de agua y tambi\u00e9n las tareas de limpieza en la red de alcantarillado. \u201cEstamos realizando estas previsiones, haciendo los desazolves correspondientes y revisando lo que implica la limpieza de las alcantarillas\u201d, agreg\u00f3.<\/p>\n<p>Finalmente, hizo un llamado a la ciudadan\u00eda para colaborar en el mantenimiento de las calles y evitar arrojar basura en las alcantarillas, con el fin de reducir riesgos y garantizar un sistema de drenaje eficiente durante la temporada de lluvias.<\/p>\n","protected":false},"excerpt":{"rendered":"<p>REALIZAN TRABAJOS PREVENTIVOS EN CENTRO ANTE LA PR\u00d3XIMA TEMPORADA DE LLUVIAS &nbsp; De cara a la temporada de lluvias que se espera para el pr\u00f3ximo fin de semana, seintensificaron los trabajos preventivosde desazolve y limpieza de alcantarillas en el municipio, refiri\u00f3 la alcaldesa de Centro, Yolanda Osuna Huerta. Expuso que estas acciones evitar\u00e1n las anegaciones [&hellip;]<\/p>\n","protected":false},"author":1,"featured_media":2732,"comment_status":"open","ping_status":"open","sticky":false,"template":"","format":"standard","meta":{"footnotes":""},"categories":[4],"tags":[],"class_list":["post-2731","post","type-post","status-publish","format-standard","has-post-thumbnail","hentry","category-noticias"],"_links":{"self":[{"href":"https:\/\/trabucoradio.com\/home\/index.php?rest_route=\/wp\/v2\/posts\/2731","targetHints":{"allow":["GET"]}}],"collection":[{"href":"https:\/\/trabucoradio.com\/home\/index.php?rest_route=\/wp\/v2\/posts"}],"about":[{"href":"https:\/\/trabucoradio.com\/home\/index.php?rest_route=\/wp\/v2\/types\/post"}],"author":[{"embeddable":true,"href":"https:\/\/trabucoradio.com\/home\/index.php?rest_route=\/wp\/v2\/users\/1"}],"replies":[{"embeddable":true,"href":"https:\/\/trabucoradio.com\/home\/index.php?rest_route=%2Fwp%2Fv2%2Fcomments&post=2731"}],"version-history":[{"count":1,"href":"https:\/\/trabucoradio.com\/home\/index.php?rest_route=\/wp\/v2\/posts\/2731\/revisions"}],"predecessor-version":[{"id":2733,"href":"https:\/\/trabucoradio.com\/home\/index.php?rest_route=\/wp\/v2\/posts\/2731\/revisions\/2733"}],"wp:featuredmedia":[{"embeddable":true,"href":"https:\/\/trabucoradio.com\/home\/index.php?rest_route=\/wp\/v2\/media\/2732"}],"wp:attachment":[{"href":"https:\/\/trabucoradio.com\/home\/index.php?rest_route=%2Fwp%2Fv2%2Fmedia&parent=2731"}],"wp:term":[{"taxonomy":"category","embeddable":true,"href":"https:\/\/trabucoradio.com\/home\/index.php?rest_route=%2Fwp%2Fv2%2Fcategories&post=2731"},{"taxonomy":"post_tag","embeddable":true,"href":"https:\/\/trabucoradio.com\/home\/index.php?rest_route=%2Fwp%2Fv2%2Ftags&post=2731"}],"curies":[{"name":"wp","href":"https:\/\/api.w.org\/{rel}","templated":true}]}}