{"id":2728,"date":"2025-05-21T15:53:30","date_gmt":"2025-05-21T21:53:30","guid":{"rendered":"https:\/\/trabucoradio.com\/home\/?p=2728"},"modified":"2025-05-21T15:53:30","modified_gmt":"2025-05-21T21:53:30","slug":"locales-del-mercado-de-gaviotas-fueron-entregados-de-igual-dimension-alcaldesa","status":"publish","type":"post","link":"https:\/\/trabucoradio.com\/home\/?p=2728","title":{"rendered":"LOCALES DEL MERCADO DE GAVIOTAS FUERON ENTREGADOS DE IGUAL DIMENSI\u00d3N: ALCALDESA"},"content":{"rendered":"<p>LOCALES DEL MERCADO DE GAVIOTAS FUERON ENTREGADOS DE IGUAL DIMENSI\u00d3N: ALCALDESA<\/p>\n<p>&nbsp;<\/p>\n<p>Entorno a las inquietudes de algunos locatarios del mercado \u201cFlorentino Hern\u00e1ndez Bautista\u201d en la colonia Gaviotas, en la ciudad de Villahermosa,\u00a0quienes aseguraron que los espacios entregados tras la modernizaci\u00f3n son m\u00e1s peque\u00f1os en comparaci\u00f3n con los que ten\u00edan anteriormente, la alcaldesa de Centro, Yolanda Osuna Huerta, expuso que los comerciantes\u00a0contar\u00e1n con los mismos espacios por igual.<\/p>\n<p>Osuna Huerta explic\u00f3 que el proceso de modernizaci\u00f3n y traslado en el mercado garantiza que todos los locatarios cuenten con espacios adecuados y justos, sin desigualdad. \u201cAqu\u00ed hay un programa de traslado y coordinaci\u00f3nque se ha llevado a efecto con organizaci\u00f3n y eficiencia. Efectivamente, algunos est\u00e1n se\u00f1alando la superficie que ten\u00edan antes, pero la realidad es que cada local ahora es m\u00e1s grande con esta remodelaci\u00f3n\u201d, afirm\u00f3.<\/p>\n<p>La alcaldesa a\u00f1adi\u00f3 que en los casos en los que algunos locatarios ten\u00edan locales de tres metros, ahora cuentan con espacios de mayor tama\u00f1o, incluso de\u00a0hasta dos locales combinados.\u00a0\u201cSi alguien ten\u00eda dos locales de tres metros, eso es lo que se est\u00e1 respetando: que nadie tenga menos espacio del que ten\u00eda antes, ni de menos ni de m\u00e1s, solo lo justo\u201d, puntualiz\u00f3.<\/p>\n","protected":false},"excerpt":{"rendered":"<p>LOCALES DEL MERCADO DE GAVIOTAS FUERON ENTREGADOS DE IGUAL DIMENSI\u00d3N: ALCALDESA &nbsp; Entorno a las inquietudes de algunos locatarios del mercado \u201cFlorentino Hern\u00e1ndez Bautista\u201d en la colonia Gaviotas, en la ciudad de Villahermosa,\u00a0quienes aseguraron que los espacios entregados tras la modernizaci\u00f3n son m\u00e1s peque\u00f1os en comparaci\u00f3n con los que ten\u00edan anteriormente, la alcaldesa de Centro, [&hellip;]<\/p>\n","protected":false},"author":1,"featured_media":2729,"comment_status":"open","ping_status":"open","sticky":false,"template":"","format":"standard","meta":{"footnotes":""},"categories":[4],"tags":[],"class_list":["post-2728","post","type-post","status-publish","format-standard","has-post-thumbnail","hentry","category-noticias"],"_links":{"self":[{"href":"https:\/\/trabucoradio.com\/home\/index.php?rest_route=\/wp\/v2\/posts\/2728","targetHints":{"allow":["GET"]}}],"collection":[{"href":"https:\/\/trabucoradio.com\/home\/index.php?rest_route=\/wp\/v2\/posts"}],"about":[{"href":"https:\/\/trabucoradio.com\/home\/index.php?rest_route=\/wp\/v2\/types\/post"}],"author":[{"embeddable":true,"href":"https:\/\/trabucoradio.com\/home\/index.php?rest_route=\/wp\/v2\/users\/1"}],"replies":[{"embeddable":true,"href":"https:\/\/trabucoradio.com\/home\/index.php?rest_route=%2Fwp%2Fv2%2Fcomments&post=2728"}],"version-history":[{"count":1,"href":"https:\/\/trabucoradio.com\/home\/index.php?rest_route=\/wp\/v2\/posts\/2728\/revisions"}],"predecessor-version":[{"id":2730,"href":"https:\/\/trabucoradio.com\/home\/index.php?rest_route=\/wp\/v2\/posts\/2728\/revisions\/2730"}],"wp:featuredmedia":[{"embeddable":true,"href":"https:\/\/trabucoradio.com\/home\/index.php?rest_route=\/wp\/v2\/media\/2729"}],"wp:attachment":[{"href":"https:\/\/trabucoradio.com\/home\/index.php?rest_route=%2Fwp%2Fv2%2Fmedia&parent=2728"}],"wp:term":[{"taxonomy":"category","embeddable":true,"href":"https:\/\/trabucoradio.com\/home\/index.php?rest_route=%2Fwp%2Fv2%2Fcategories&post=2728"},{"taxonomy":"post_tag","embeddable":true,"href":"https:\/\/trabucoradio.com\/home\/index.php?rest_route=%2Fwp%2Fv2%2Ftags&post=2728"}],"curies":[{"name":"wp","href":"https:\/\/api.w.org\/{rel}","templated":true}]}}