{"id":2722,"date":"2025-05-21T15:46:56","date_gmt":"2025-05-21T21:46:56","guid":{"rendered":"https:\/\/trabucoradio.com\/home\/?p=2722"},"modified":"2025-05-21T15:46:56","modified_gmt":"2025-05-21T21:46:56","slug":"el-1-de-junio-se-definira-el-futuro-del-poder-judicial-rafael-acosta-leon","status":"publish","type":"post","link":"https:\/\/trabucoradio.com\/home\/?p=2722","title":{"rendered":"EL 1 DE JUNIO SE DEFINIR\u00c1 EL FUTURO DEL PODER JUDICIAL: RAFAEL ACOSTA LE\u00d3N"},"content":{"rendered":"<p>EL 1 DE JUNIO SE DEFINIR\u00c1 EL FUTURO DEL PODER JUDICIAL: RAFAEL ACOSTA LE\u00d3N<\/p>\n<p>&nbsp;<\/p>\n<p>El dirigente estatal del PRD en Tabasco, Rafael Acosta Le\u00f3n, expres\u00f3 su preocupaci\u00f3n por el proceso de elecci\u00f3n del Poder Judicial que se llevar\u00e1 a cabo el 1 de junio, al considerar que no ofrece garant\u00edas suficientes de certeza, legalidad ni transparencia. Se\u00f1al\u00f3 que este proceso podr\u00eda estar orientado a favorecer intereses partidistas, lo que pondr\u00eda en riesgo la independencia judicial.<\/p>\n<p>Acosta Le\u00f3n cuestion\u00f3 tambi\u00e9n el origen de la reforma al Poder Judicial, afirmando que no surgi\u00f3 de un consenso ciudadano, sino como resultado de desacuerdos entre poderes. Indic\u00f3 que la forma en la que se ha planteado esta reforma genera dudas sobre su legitimidad y sobre el respeto a la divisi\u00f3n de poderes.<\/p>\n<p>El dirigente perredista hizo un llamado al Instituto Nacional Electoral y a otros organismos competentes para que se garantice un proceso claro y equitativo. Reiter\u00f3 la importancia de fortalecer la democracia a trav\u00e9s de mecanismos participativos que den confianza a la ciudadan\u00eda.<\/p>\n","protected":false},"excerpt":{"rendered":"<p>EL 1 DE JUNIO SE DEFINIR\u00c1 EL FUTURO DEL PODER JUDICIAL: RAFAEL ACOSTA LE\u00d3N &nbsp; El dirigente estatal del PRD en Tabasco, Rafael Acosta Le\u00f3n, expres\u00f3 su preocupaci\u00f3n por el proceso de elecci\u00f3n del Poder Judicial que se llevar\u00e1 a cabo el 1 de junio, al considerar que no ofrece garant\u00edas suficientes de certeza, legalidad [&hellip;]<\/p>\n","protected":false},"author":1,"featured_media":2723,"comment_status":"open","ping_status":"open","sticky":false,"template":"","format":"standard","meta":{"footnotes":""},"categories":[3],"tags":[],"class_list":["post-2722","post","type-post","status-publish","format-standard","has-post-thumbnail","hentry","category-politica"],"_links":{"self":[{"href":"https:\/\/trabucoradio.com\/home\/index.php?rest_route=\/wp\/v2\/posts\/2722","targetHints":{"allow":["GET"]}}],"collection":[{"href":"https:\/\/trabucoradio.com\/home\/index.php?rest_route=\/wp\/v2\/posts"}],"about":[{"href":"https:\/\/trabucoradio.com\/home\/index.php?rest_route=\/wp\/v2\/types\/post"}],"author":[{"embeddable":true,"href":"https:\/\/trabucoradio.com\/home\/index.php?rest_route=\/wp\/v2\/users\/1"}],"replies":[{"embeddable":true,"href":"https:\/\/trabucoradio.com\/home\/index.php?rest_route=%2Fwp%2Fv2%2Fcomments&post=2722"}],"version-history":[{"count":1,"href":"https:\/\/trabucoradio.com\/home\/index.php?rest_route=\/wp\/v2\/posts\/2722\/revisions"}],"predecessor-version":[{"id":2724,"href":"https:\/\/trabucoradio.com\/home\/index.php?rest_route=\/wp\/v2\/posts\/2722\/revisions\/2724"}],"wp:featuredmedia":[{"embeddable":true,"href":"https:\/\/trabucoradio.com\/home\/index.php?rest_route=\/wp\/v2\/media\/2723"}],"wp:attachment":[{"href":"https:\/\/trabucoradio.com\/home\/index.php?rest_route=%2Fwp%2Fv2%2Fmedia&parent=2722"}],"wp:term":[{"taxonomy":"category","embeddable":true,"href":"https:\/\/trabucoradio.com\/home\/index.php?rest_route=%2Fwp%2Fv2%2Fcategories&post=2722"},{"taxonomy":"post_tag","embeddable":true,"href":"https:\/\/trabucoradio.com\/home\/index.php?rest_route=%2Fwp%2Fv2%2Ftags&post=2722"}],"curies":[{"name":"wp","href":"https:\/\/api.w.org\/{rel}","templated":true}]}}