{"id":2706,"date":"2025-05-21T11:50:50","date_gmt":"2025-05-21T17:50:50","guid":{"rendered":"https:\/\/trabucoradio.com\/home\/?p=2706"},"modified":"2025-05-21T12:09:29","modified_gmt":"2025-05-21T18:09:29","slug":"propondra-pvem-endurecimiento-a-las-penas-por-maltrato-animal","status":"publish","type":"post","link":"https:\/\/trabucoradio.com\/home\/?p=2706","title":{"rendered":"PROPONDR\u00c1 PVEM ENDURECIMIENTO A LAS PENAS POR MALTRATO ANIMAL"},"content":{"rendered":"<p>PROPONDR\u00c1 PVEM ENDURECIMIENTO A LAS PENAS POR MALTRATO ANIMAL<\/p>\n<p>&nbsp;<\/p>\n<p>&nbsp;<\/p>\n<p>El Partido Verde Ecologista de M\u00e9xico (PVEM) presentar\u00e1 una\u00a0iniciativa\u00a0ante el\u00a0Congreso\u00a0del\u00a0Estado\u00a0para\u00a0endurecer\u00a0las\u00a0penas\u00a0para quienes\u00a0maltraten\u00a0animales,\u00a0incluyendo\u00a0hasta\u00a010\u00a0a\u00f1os\u00a0de\u00a0prisi\u00f3n.<\/p>\n<p>La propuesta tambi\u00e9n incluye la\u00a0creaci\u00f3n\u00a0de un\u00a0padr\u00f3n\u00a0de\u00a0violentadores\u00a0de animales, que les\u00a0impedir\u00e1\u00a0tener\u00a0mascotas\u00a0o participar en actividades relacionadas con animales.<\/p>\n<p>El coordinador parlamentario del PVEM, Miguel \u00c1ngel Moheno Pi\u00f1era, explic\u00f3 que la iniciativa busca abordar la impunidad en casos de maltrato animal y destac\u00f3 que los\u00a0maltratadores\u00a0de\u00a0animales\u00a0pueden\u00a0ser\u00a0un\u00a0peligro\u00a0para\u00a0la\u00a0sociedad, ya que pueden escalar su violencia hacia otras personas.<\/p>\n<p>Por otra parte, el legislador lament\u00f3 la falta de responsabilidad\u00a0de\u00a0los municipios, reproch\u00f3 la negativa en destinar recursos y reglamentar\u00a0la protecci\u00f3n animal, ya que muchos no cumplen con esta obligaci\u00f3n establecida por la ley.<\/p>\n<p>La iniciativa ser\u00e1 presentada en el pleno del Congreso del Estado el d\u00eda 22 de mayo a la Comisi\u00f3n Permanente.<\/p>\n","protected":false},"excerpt":{"rendered":"<p>PROPONDR\u00c1 PVEM ENDURECIMIENTO A LAS PENAS POR MALTRATO ANIMAL &nbsp; &nbsp; El Partido Verde Ecologista de M\u00e9xico (PVEM) presentar\u00e1 una\u00a0iniciativa\u00a0ante el\u00a0Congreso\u00a0del\u00a0Estado\u00a0para\u00a0endurecer\u00a0las\u00a0penas\u00a0para quienes\u00a0maltraten\u00a0animales,\u00a0incluyendo\u00a0hasta\u00a010\u00a0a\u00f1os\u00a0de\u00a0prisi\u00f3n. La propuesta tambi\u00e9n incluye la\u00a0creaci\u00f3n\u00a0de un\u00a0padr\u00f3n\u00a0de\u00a0violentadores\u00a0de animales, que les\u00a0impedir\u00e1\u00a0tener\u00a0mascotas\u00a0o participar en actividades relacionadas con animales. El coordinador parlamentario del PVEM, Miguel \u00c1ngel Moheno Pi\u00f1era, explic\u00f3 que la iniciativa busca abordar la impunidad en [&hellip;]<\/p>\n","protected":false},"author":1,"featured_media":2707,"comment_status":"open","ping_status":"open","sticky":false,"template":"","format":"standard","meta":{"footnotes":""},"categories":[4],"tags":[],"class_list":["post-2706","post","type-post","status-publish","format-standard","has-post-thumbnail","hentry","category-noticias"],"_links":{"self":[{"href":"https:\/\/trabucoradio.com\/home\/index.php?rest_route=\/wp\/v2\/posts\/2706","targetHints":{"allow":["GET"]}}],"collection":[{"href":"https:\/\/trabucoradio.com\/home\/index.php?rest_route=\/wp\/v2\/posts"}],"about":[{"href":"https:\/\/trabucoradio.com\/home\/index.php?rest_route=\/wp\/v2\/types\/post"}],"author":[{"embeddable":true,"href":"https:\/\/trabucoradio.com\/home\/index.php?rest_route=\/wp\/v2\/users\/1"}],"replies":[{"embeddable":true,"href":"https:\/\/trabucoradio.com\/home\/index.php?rest_route=%2Fwp%2Fv2%2Fcomments&post=2706"}],"version-history":[{"count":2,"href":"https:\/\/trabucoradio.com\/home\/index.php?rest_route=\/wp\/v2\/posts\/2706\/revisions"}],"predecessor-version":[{"id":2712,"href":"https:\/\/trabucoradio.com\/home\/index.php?rest_route=\/wp\/v2\/posts\/2706\/revisions\/2712"}],"wp:featuredmedia":[{"embeddable":true,"href":"https:\/\/trabucoradio.com\/home\/index.php?rest_route=\/wp\/v2\/media\/2707"}],"wp:attachment":[{"href":"https:\/\/trabucoradio.com\/home\/index.php?rest_route=%2Fwp%2Fv2%2Fmedia&parent=2706"}],"wp:term":[{"taxonomy":"category","embeddable":true,"href":"https:\/\/trabucoradio.com\/home\/index.php?rest_route=%2Fwp%2Fv2%2Fcategories&post=2706"},{"taxonomy":"post_tag","embeddable":true,"href":"https:\/\/trabucoradio.com\/home\/index.php?rest_route=%2Fwp%2Fv2%2Ftags&post=2706"}],"curies":[{"name":"wp","href":"https:\/\/api.w.org\/{rel}","templated":true}]}}