{"id":2701,"date":"2025-05-20T16:13:57","date_gmt":"2025-05-20T22:13:57","guid":{"rendered":"https:\/\/trabucoradio.com\/home\/?p=2701"},"modified":"2025-05-20T16:13:57","modified_gmt":"2025-05-20T22:13:57","slug":"por-concluir-proyecto-del-malecon-andador-del-carrizal-en-centro-informa-alcaldesa","status":"publish","type":"post","link":"https:\/\/trabucoradio.com\/home\/?p=2701","title":{"rendered":"POR CONCLUIR&#8217; PROYECTO DEL MALEC\u00d3N ANDADOR DEL CARRIZAL EN CENTRO, INFORMA ALCALDESA"},"content":{"rendered":"<p>POR CONCLUIR&#8217; PROYECTO DEL MALEC\u00d3N ANDADOR DEL CARRIZAL EN CENTRO, INFORMA ALCALDESA<\/p>\n<p>&nbsp;<\/p>\n<p>La alcaldesa de Centro, Yolanda Osuna Huerta, anunci\u00f3 avances en el proyecto del Malec\u00f3n Andador del Carrizal, que tiene contemplada una ruta desdePaseo Tabasco hasta Paseo Usumacinta.\u00a0La edil afirm\u00f3 que est\u00e1 pr\u00e1cticamente concluida en su fase de planificaci\u00f3n y pronto comenzar\u00e1n las reuniones de socializaci\u00f3n con diversos sectores previo a su puesta en marcha.<\/p>\n<p>\u00abEl proyecto del Malec\u00f3n Andador del Carrizal es un compromiso de esta administraci\u00f3n que quedar\u00e1 construido durante estos tres a\u00f1os, del 2024 al 2027. El avance es muy importante, pr\u00e1cticamente ya est\u00e1 listo, vamos a tener reuniones con empresarios, c\u00e1maras\u00a0empresariales y colegios de profesionistas\u201d, asegur\u00f3 Osuna Huerta.<\/p>\n<p>Expuso que se realizar\u00e1n encuentros en los pr\u00f3ximos 30 d\u00edas con empresarios, colegios, profesionistas, c\u00e1maras empresariales y otros grupos de profesionales. Estas reuniones buscan socializar el proyecto, recibir sugerencias y acelerar su inauguraci\u00f3n.<\/p>\n<p>La edil destac\u00f3 la coordinaci\u00f3n con el Colegio de Arquitectos y otros sectores relacionados con la imagen urbana, con quienes se trabaja en la planificaci\u00f3n y dise\u00f1o del espacio para revitalizar la zona y que en consecuencia fortalecer\u00e1 el pol\u00edgono del Centro Hist\u00f3rico como se viene trabajando en el\u00a0Barrio M\u00e1gico.<\/p>\n","protected":false},"excerpt":{"rendered":"<p>POR CONCLUIR&#8217; PROYECTO DEL MALEC\u00d3N ANDADOR DEL CARRIZAL EN CENTRO, INFORMA ALCALDESA &nbsp; La alcaldesa de Centro, Yolanda Osuna Huerta, anunci\u00f3 avances en el proyecto del Malec\u00f3n Andador del Carrizal, que tiene contemplada una ruta desdePaseo Tabasco hasta Paseo Usumacinta.\u00a0La edil afirm\u00f3 que est\u00e1 pr\u00e1cticamente concluida en su fase de planificaci\u00f3n y pronto comenzar\u00e1n las [&hellip;]<\/p>\n","protected":false},"author":1,"featured_media":2702,"comment_status":"open","ping_status":"open","sticky":false,"template":"","format":"standard","meta":{"footnotes":""},"categories":[4],"tags":[],"class_list":["post-2701","post","type-post","status-publish","format-standard","has-post-thumbnail","hentry","category-noticias"],"_links":{"self":[{"href":"https:\/\/trabucoradio.com\/home\/index.php?rest_route=\/wp\/v2\/posts\/2701","targetHints":{"allow":["GET"]}}],"collection":[{"href":"https:\/\/trabucoradio.com\/home\/index.php?rest_route=\/wp\/v2\/posts"}],"about":[{"href":"https:\/\/trabucoradio.com\/home\/index.php?rest_route=\/wp\/v2\/types\/post"}],"author":[{"embeddable":true,"href":"https:\/\/trabucoradio.com\/home\/index.php?rest_route=\/wp\/v2\/users\/1"}],"replies":[{"embeddable":true,"href":"https:\/\/trabucoradio.com\/home\/index.php?rest_route=%2Fwp%2Fv2%2Fcomments&post=2701"}],"version-history":[{"count":1,"href":"https:\/\/trabucoradio.com\/home\/index.php?rest_route=\/wp\/v2\/posts\/2701\/revisions"}],"predecessor-version":[{"id":2703,"href":"https:\/\/trabucoradio.com\/home\/index.php?rest_route=\/wp\/v2\/posts\/2701\/revisions\/2703"}],"wp:featuredmedia":[{"embeddable":true,"href":"https:\/\/trabucoradio.com\/home\/index.php?rest_route=\/wp\/v2\/media\/2702"}],"wp:attachment":[{"href":"https:\/\/trabucoradio.com\/home\/index.php?rest_route=%2Fwp%2Fv2%2Fmedia&parent=2701"}],"wp:term":[{"taxonomy":"category","embeddable":true,"href":"https:\/\/trabucoradio.com\/home\/index.php?rest_route=%2Fwp%2Fv2%2Fcategories&post=2701"},{"taxonomy":"post_tag","embeddable":true,"href":"https:\/\/trabucoradio.com\/home\/index.php?rest_route=%2Fwp%2Fv2%2Ftags&post=2701"}],"curies":[{"name":"wp","href":"https:\/\/api.w.org\/{rel}","templated":true}]}}