{"id":2695,"date":"2025-05-20T16:09:00","date_gmt":"2025-05-20T22:09:00","guid":{"rendered":"https:\/\/trabucoradio.com\/home\/?p=2695"},"modified":"2025-05-20T16:09:00","modified_gmt":"2025-05-20T22:09:00","slug":"refuerza-secretaria-de-salud-vigilancia-y-vacunacion-por-brotes-de-varicela","status":"publish","type":"post","link":"https:\/\/trabucoradio.com\/home\/?p=2695","title":{"rendered":"REFUERZA SECRETAR\u00cdA DE SALUD VIGILANCIA Y VACUNACI\u00d3N POR BROTES DE VARICELA"},"content":{"rendered":"<p>REFUERZA SECRETAR\u00cdA DE SALUD VIGILANCIA Y VACUNACI\u00d3N POR BROTES DE VARICELA<\/p>\n<p>El secretario de Salud de Tabasco, Alejandro Calder\u00f3n Alipi, confirm\u00f3 la presencia de casos y brotes de varicela en la entidad tabasque\u00f1a, aunque no precis\u00f3 cifras asegur\u00f3 que ladependencia atiende la situaci\u00f3n con medidas de control y prevenci\u00f3n.<\/p>\n<p>En entrevista, Calder\u00f3n Alipi explic\u00f3: \u00abHay casos, hay brotes en Tabasco, que se est\u00e1n atendiendo con los cercos epidemiol\u00f3gicos, ya se est\u00e1n al tanto. Y bueno, igual que siempre, reforzar sobre la vacunaci\u00f3n, est\u00e1 la vacuna disponible.<\/p>\n<p>A\u00f1adi\u00f3 que de darse el caso de notificaci\u00f3n de un caso en escuelas, se tiene disponibilidad de equipos de epidemiolog\u00eda a fin de controlar la\u00a0incidencia y evitar riesgos de contagio.<\/p>\n<p>Respecto al n\u00famero exacto de casos, Calder\u00f3n Alipi manifest\u00f3: \u00abMira, me agarras en curva ahorita con los datos, no los traigo a la mano, pero s\u00ed hay brotes de varicela\u00bb.<\/p>\n<p>Es importante mencionar que, los s\u00edntomas de la varicela incluyen fiebre, cansancio y, sobre todo, una erupci\u00f3n cut\u00e1nea que se manifiesta como ampollas llenas de l\u00edquido que pican y luego se convierten en costras.<\/p>\n","protected":false},"excerpt":{"rendered":"<p>REFUERZA SECRETAR\u00cdA DE SALUD VIGILANCIA Y VACUNACI\u00d3N POR BROTES DE VARICELA El secretario de Salud de Tabasco, Alejandro Calder\u00f3n Alipi, confirm\u00f3 la presencia de casos y brotes de varicela en la entidad tabasque\u00f1a, aunque no precis\u00f3 cifras asegur\u00f3 que ladependencia atiende la situaci\u00f3n con medidas de control y prevenci\u00f3n. En entrevista, Calder\u00f3n Alipi explic\u00f3: \u00abHay [&hellip;]<\/p>\n","protected":false},"author":1,"featured_media":2696,"comment_status":"open","ping_status":"open","sticky":false,"template":"","format":"standard","meta":{"footnotes":""},"categories":[4],"tags":[],"class_list":["post-2695","post","type-post","status-publish","format-standard","has-post-thumbnail","hentry","category-noticias"],"_links":{"self":[{"href":"https:\/\/trabucoradio.com\/home\/index.php?rest_route=\/wp\/v2\/posts\/2695","targetHints":{"allow":["GET"]}}],"collection":[{"href":"https:\/\/trabucoradio.com\/home\/index.php?rest_route=\/wp\/v2\/posts"}],"about":[{"href":"https:\/\/trabucoradio.com\/home\/index.php?rest_route=\/wp\/v2\/types\/post"}],"author":[{"embeddable":true,"href":"https:\/\/trabucoradio.com\/home\/index.php?rest_route=\/wp\/v2\/users\/1"}],"replies":[{"embeddable":true,"href":"https:\/\/trabucoradio.com\/home\/index.php?rest_route=%2Fwp%2Fv2%2Fcomments&post=2695"}],"version-history":[{"count":1,"href":"https:\/\/trabucoradio.com\/home\/index.php?rest_route=\/wp\/v2\/posts\/2695\/revisions"}],"predecessor-version":[{"id":2697,"href":"https:\/\/trabucoradio.com\/home\/index.php?rest_route=\/wp\/v2\/posts\/2695\/revisions\/2697"}],"wp:featuredmedia":[{"embeddable":true,"href":"https:\/\/trabucoradio.com\/home\/index.php?rest_route=\/wp\/v2\/media\/2696"}],"wp:attachment":[{"href":"https:\/\/trabucoradio.com\/home\/index.php?rest_route=%2Fwp%2Fv2%2Fmedia&parent=2695"}],"wp:term":[{"taxonomy":"category","embeddable":true,"href":"https:\/\/trabucoradio.com\/home\/index.php?rest_route=%2Fwp%2Fv2%2Fcategories&post=2695"},{"taxonomy":"post_tag","embeddable":true,"href":"https:\/\/trabucoradio.com\/home\/index.php?rest_route=%2Fwp%2Fv2%2Ftags&post=2695"}],"curies":[{"name":"wp","href":"https:\/\/api.w.org\/{rel}","templated":true}]}}