{"id":2692,"date":"2025-05-20T15:57:14","date_gmt":"2025-05-20T21:57:14","guid":{"rendered":"https:\/\/trabucoradio.com\/home\/?p=2692"},"modified":"2025-05-20T15:57:14","modified_gmt":"2025-05-20T21:57:14","slug":"modificacion-de-horarios-escolares-por-calor-depende-de-setab-salud","status":"publish","type":"post","link":"https:\/\/trabucoradio.com\/home\/?p=2692","title":{"rendered":"MODIFICACI\u00d3N DE HORARIOS ESCOLARES POR CALOR DEPENDE DE SETAB: SALUD"},"content":{"rendered":"<p>MODIFICACI\u00d3N DE HORARIOS ESCOLARES POR CALOR DEPENDE DE SETAB: SALUD<\/p>\n<p>&nbsp;<\/p>\n<p>La decisi\u00f3n de modificar los horarios escolares ante las\u00a0altas temperaturas que se registran en la entidad depender\u00e1 de la Secretar\u00eda de Educaci\u00f3n (SETAB), refiri\u00f3 el Secretario de Salud de Tabasco, Alejandro Calder\u00f3n Alipi.<\/p>\n<p>Aunque la dependencia est\u00e1 dispuesta a colaborar y brindar recomendaciones, ser\u00e1 la SETAB la encargada de implementar cualquier cambio en los horarios.<\/p>\n<p>\u201cNosotros podemos comentarles cu\u00e1les son los s\u00edntomas y los riesgos que conlleva exponer a las personas, no solo en las escuelas, sino en general en los trabajos\u201d, sostuvo Calder\u00f3n Alipi.<\/p>\n<p>El funcionario estatal destac\u00f3 que ante estos efectos es necesario evitar riesgos a la salud, principalmente en los adolescentes y ni\u00f1os que\u00a0asisten a las instituciones educativas.<\/p>\n<p>Sin embargo, reiter\u00f3 que la decisi\u00f3n final recae en la autoridad educativa, que evaluar\u00e1 las condiciones y determinar\u00e1 si es necesario modificar los horarios para proteger a los estudiantes y al personal escolar.<\/p>\n","protected":false},"excerpt":{"rendered":"<p>MODIFICACI\u00d3N DE HORARIOS ESCOLARES POR CALOR DEPENDE DE SETAB: SALUD &nbsp; La decisi\u00f3n de modificar los horarios escolares ante las\u00a0altas temperaturas que se registran en la entidad depender\u00e1 de la Secretar\u00eda de Educaci\u00f3n (SETAB), refiri\u00f3 el Secretario de Salud de Tabasco, Alejandro Calder\u00f3n Alipi. Aunque la dependencia est\u00e1 dispuesta a colaborar y brindar recomendaciones, ser\u00e1 [&hellip;]<\/p>\n","protected":false},"author":1,"featured_media":2693,"comment_status":"open","ping_status":"open","sticky":false,"template":"","format":"standard","meta":{"footnotes":""},"categories":[4],"tags":[],"class_list":["post-2692","post","type-post","status-publish","format-standard","has-post-thumbnail","hentry","category-noticias"],"_links":{"self":[{"href":"https:\/\/trabucoradio.com\/home\/index.php?rest_route=\/wp\/v2\/posts\/2692","targetHints":{"allow":["GET"]}}],"collection":[{"href":"https:\/\/trabucoradio.com\/home\/index.php?rest_route=\/wp\/v2\/posts"}],"about":[{"href":"https:\/\/trabucoradio.com\/home\/index.php?rest_route=\/wp\/v2\/types\/post"}],"author":[{"embeddable":true,"href":"https:\/\/trabucoradio.com\/home\/index.php?rest_route=\/wp\/v2\/users\/1"}],"replies":[{"embeddable":true,"href":"https:\/\/trabucoradio.com\/home\/index.php?rest_route=%2Fwp%2Fv2%2Fcomments&post=2692"}],"version-history":[{"count":1,"href":"https:\/\/trabucoradio.com\/home\/index.php?rest_route=\/wp\/v2\/posts\/2692\/revisions"}],"predecessor-version":[{"id":2694,"href":"https:\/\/trabucoradio.com\/home\/index.php?rest_route=\/wp\/v2\/posts\/2692\/revisions\/2694"}],"wp:featuredmedia":[{"embeddable":true,"href":"https:\/\/trabucoradio.com\/home\/index.php?rest_route=\/wp\/v2\/media\/2693"}],"wp:attachment":[{"href":"https:\/\/trabucoradio.com\/home\/index.php?rest_route=%2Fwp%2Fv2%2Fmedia&parent=2692"}],"wp:term":[{"taxonomy":"category","embeddable":true,"href":"https:\/\/trabucoradio.com\/home\/index.php?rest_route=%2Fwp%2Fv2%2Fcategories&post=2692"},{"taxonomy":"post_tag","embeddable":true,"href":"https:\/\/trabucoradio.com\/home\/index.php?rest_route=%2Fwp%2Fv2%2Ftags&post=2692"}],"curies":[{"name":"wp","href":"https:\/\/api.w.org\/{rel}","templated":true}]}}