{"id":2511,"date":"2025-05-13T15:40:44","date_gmt":"2025-05-13T21:40:44","guid":{"rendered":"https:\/\/trabucoradio.com\/home\/?p=2511"},"modified":"2025-05-13T15:40:44","modified_gmt":"2025-05-13T21:40:44","slug":"autoridades-y-comunidad-estudiantil-acuerdan-regreso-a-clases-en-el-instituto-superior-de-los-rios","status":"publish","type":"post","link":"https:\/\/trabucoradio.com\/home\/?p=2511","title":{"rendered":"AUTORIDADES Y COMUNIDAD ESTUDIANTIL ACUERDAN REGRESO A CLASES EN EL INSTITUTO SUPERIOR DE LOS R\u00cdOS"},"content":{"rendered":"<p>AUTORIDADES Y COMUNIDAD ESTUDIANTIL ACUERDAN REGRESO A CLASES EN EL INSTITUTO SUPERIOR DE LOS R\u00cdOS<\/p>\n<p>&nbsp;<\/p>\n<p>Luego de la reuni\u00f3n de este lunes, entre autoridades estatales con alumnos y padres de familia del Instituto Tecnol\u00f3gico Superior de los R\u00edos (ITSR), se firm\u00f3 una minuta de trabajo para la reanudaci\u00f3n inmediata de clases en esta instituci\u00f3n educativa, lo cual ocurrir\u00e1 ma\u00f1ana martes 13 de mayo de 2025, a las 7:00 horas.<\/p>\n<p>Entre los acuerdos alcanzados est\u00e1n que se proceder\u00e1 a la destituci\u00f3n y separaci\u00f3n de personal directivo, administrativo y docente, quienes tengan probada falta de probidad y honradez, conforme a los procedimientos oficiales; adem\u00e1s se realizar\u00e1 una auditor\u00eda acad\u00e9mica por parte del Tecnol\u00f3gico Nacional de M\u00e9xico para revisar los perfiles del personal, acorde a su asignatura.<\/p>\n<p>Tambi\u00e9n se acord\u00f3 la integraci\u00f3n de una subcomisi\u00f3n con la direcci\u00f3n del ITSR, la representaci\u00f3n de las Secretar\u00edas de Educaci\u00f3n y de Gobierno, y la comunidad estudiantil, donde se har\u00e1 una revisi\u00f3n de los da\u00f1os que se hayan ocasionado.<\/p>\n<p>Se establece que no habr\u00e1 represalias contra alumnos, maestros y padres de familia, administrativos y ciudadanos que apoyaron el movimiento estudiantil; de igual forma, la SETAB, a trav\u00e9s de la direcci\u00f3n general del Instituto, dar\u00e1 todas las facilidades para la conformaci\u00f3n de la sociedad de alumnos, en apego a la normatividad aplicable.<\/p>\n<p>Las autoridades acordaron emitir un comunicado de disculpa p\u00fablica a la comunidad estudiantil, docentes y sociedad en general y que ser\u00e1 compartido por la SEGOB, SETAB y el Ayuntamiento de Balanc\u00e1n, en los diferentes medios de difusi\u00f3n.<\/p>\n<p>La direcci\u00f3n general del Instituto junto a la representaci\u00f3n de la comunidad estudiantil, realizar\u00e1n una revisi\u00f3n para determinar las acciones de mejora de infraestructura.<\/p>\n<p>Finalmente, la minuta establece que se reactivar\u00e1 la unidad de g\u00e9nero, instal\u00e1ndose a la brevedad el comit\u00e9 de \u00e9tica y de conducta, convocando a quienes requieran orientaci\u00f3n para que la reciban, entre otros puntos.<\/p>\n","protected":false},"excerpt":{"rendered":"<p>AUTORIDADES Y COMUNIDAD ESTUDIANTIL ACUERDAN REGRESO A CLASES EN EL INSTITUTO SUPERIOR DE LOS R\u00cdOS &nbsp; Luego de la reuni\u00f3n de este lunes, entre autoridades estatales con alumnos y padres de familia del Instituto Tecnol\u00f3gico Superior de los R\u00edos (ITSR), se firm\u00f3 una minuta de trabajo para la reanudaci\u00f3n inmediata de clases en esta instituci\u00f3n [&hellip;]<\/p>\n","protected":false},"author":1,"featured_media":2512,"comment_status":"open","ping_status":"open","sticky":false,"template":"","format":"standard","meta":{"footnotes":""},"categories":[4],"tags":[],"class_list":["post-2511","post","type-post","status-publish","format-standard","has-post-thumbnail","hentry","category-noticias"],"_links":{"self":[{"href":"https:\/\/trabucoradio.com\/home\/index.php?rest_route=\/wp\/v2\/posts\/2511","targetHints":{"allow":["GET"]}}],"collection":[{"href":"https:\/\/trabucoradio.com\/home\/index.php?rest_route=\/wp\/v2\/posts"}],"about":[{"href":"https:\/\/trabucoradio.com\/home\/index.php?rest_route=\/wp\/v2\/types\/post"}],"author":[{"embeddable":true,"href":"https:\/\/trabucoradio.com\/home\/index.php?rest_route=\/wp\/v2\/users\/1"}],"replies":[{"embeddable":true,"href":"https:\/\/trabucoradio.com\/home\/index.php?rest_route=%2Fwp%2Fv2%2Fcomments&post=2511"}],"version-history":[{"count":1,"href":"https:\/\/trabucoradio.com\/home\/index.php?rest_route=\/wp\/v2\/posts\/2511\/revisions"}],"predecessor-version":[{"id":2513,"href":"https:\/\/trabucoradio.com\/home\/index.php?rest_route=\/wp\/v2\/posts\/2511\/revisions\/2513"}],"wp:featuredmedia":[{"embeddable":true,"href":"https:\/\/trabucoradio.com\/home\/index.php?rest_route=\/wp\/v2\/media\/2512"}],"wp:attachment":[{"href":"https:\/\/trabucoradio.com\/home\/index.php?rest_route=%2Fwp%2Fv2%2Fmedia&parent=2511"}],"wp:term":[{"taxonomy":"category","embeddable":true,"href":"https:\/\/trabucoradio.com\/home\/index.php?rest_route=%2Fwp%2Fv2%2Fcategories&post=2511"},{"taxonomy":"post_tag","embeddable":true,"href":"https:\/\/trabucoradio.com\/home\/index.php?rest_route=%2Fwp%2Fv2%2Ftags&post=2511"}],"curies":[{"name":"wp","href":"https:\/\/api.w.org\/{rel}","templated":true}]}}