{"id":2508,"date":"2025-05-13T15:38:24","date_gmt":"2025-05-13T21:38:24","guid":{"rendered":"https:\/\/trabucoradio.com\/home\/?p=2508"},"modified":"2025-05-13T15:38:24","modified_gmt":"2025-05-13T21:38:24","slug":"atentado-durante-acto-electoral-en-veracruz-deja-cinco-muertos","status":"publish","type":"post","link":"https:\/\/trabucoradio.com\/home\/?p=2508","title":{"rendered":"ATENTADO DURANTE ACTO ELECTORAL EN VERACRUZ DEJA CINCO MUERTOS"},"content":{"rendered":"<p>ATENTADO DURANTE ACTO ELECTORAL EN VERACRUZ DEJA CINCO MUERTOS<\/p>\n<p>&nbsp;<\/p>\n<p>Este lunes, la gobernadora de\u00a0Veracruz,\u00a0Roc\u00edo Nahle, inform\u00f3 que por ahora hay un total de\u00a0cinco personas fallecidas y tres lesionadas\u00a0por el\u00a0atentado contra la candidata a la presidencia municipal de Texistepec, Yesenia Lara<strong>,<\/strong>\u00a0en medio de un mitin de campa\u00f1a durante la noche del domingo.<\/p>\n<p>Nahleindic\u00f3 que adem\u00e1s de la candidata del gobernanteMovimiento de Regeneraci\u00f3n Nacional (Morena),\u00a0hasta el momento,\u00a0han fallecido otras cuatro personas, incluido su escolta personal,\u00a0Aar\u00f3n Nolasco, y uno de sus simpatizantes y brigadistas de campa\u00f1a,\u00a0Silvestre Gonz\u00e1lez, tambi\u00e9n atacados a balazos.<\/p>\n<div><\/div>\n<div id=\"standard_5\" class=\"st-placement standard_5 inArticle\">La gobernadora detall\u00f3 adem\u00e1s quelas balas alcanzaron a miembros de una familia que se hab\u00eda acercado a saludar a Lara\u00a0y que\u00a0murieron en medio del ataque, ellos son\u00a0Miguel \u00c1ngel Navarro Lechuga, miembro activo de la polic\u00eda municipal de\u00a0J\u00e1ltipan, y su hija,\u00a0Marisol Navarro.<\/div>\n<div><\/div>\n<div>\n<p>Mientras que el otro hijo del polic\u00eda,\u00a0Mario Navarro, se encuentra\u00a0herido de gravedad en un hospita<strong>l,<\/strong>\u00a0junto con\u00a0otras dos personas que no han sido identificadas.<\/p>\n<div id=\"standard_6\" class=\"st-placement standard_6 inArticle\"><\/div>\n<p>\u00abClaramente este es un tema de violencia pol\u00edtica\u00bb, afirm\u00f3\u00a0Nahle, durante una conferencia de prensa.<\/p>\n<\/div>\n<p>La funcionaria se\u00f1al\u00f3 que\u00a0van a esperar el resultado de las investigaciones que realiza la Fiscal\u00ed<strong>a\u00a0<\/strong>para dar m\u00e1s detalles.<\/p>\n<p>Hasta el momento, <strong>s<\/strong>no se ha informado de personas detenidas<strong>\u00a0<\/strong>por el m\u00faltiple homicidio.<\/p>\n<p>No obstante,\u00a0Nahleasegur\u00f3 que \u00abtodos los recursos\u00bb y el apoyo del Gobierno est\u00e1n puestos en el caso, seg\u00fan le comunic\u00f3 el\u00a0Secretario de Seguridad y Protecci\u00f3n Ciudadana de M\u00e9xico, Omar Garc\u00eda Harfuch.<\/p>\n<p>\u00abEfectivamente, van a enviar una c\u00e9lula de investigaci\u00f3n para ayudarnos para reforzar esta zona, va a ser necesario aumentar el n\u00famero de elementos de la\u00a0Guardia Nacional\u00bb, dijo la gobernadora, sin mencionar la cifra.<\/p>\n<p>\u00abNosotros estamos garantizando\u00a0que la elecci\u00f3n del 1 de junio se lleve a cabo. Va a haber una elecci\u00f3n, hay todas las condiciones, a pesar de que quieran crear un ambiente de miedo\u00bb, sostuvo\u00a0Nahle.<\/p>\n<p>Veracruz celebrar\u00e1 elecciones locales en sus 212 municipios este 1 de junio, donde se han registrado 12 mil 142 aspirantes a alcald\u00edas, sindicaturas y regidur\u00edas de seis partidos pol\u00edticos.<\/p>\n","protected":false},"excerpt":{"rendered":"<p>ATENTADO DURANTE ACTO ELECTORAL EN VERACRUZ DEJA CINCO MUERTOS &nbsp; Este lunes, la gobernadora de\u00a0Veracruz,\u00a0Roc\u00edo Nahle, inform\u00f3 que por ahora hay un total de\u00a0cinco personas fallecidas y tres lesionadas\u00a0por el\u00a0atentado contra la candidata a la presidencia municipal de Texistepec, Yesenia Lara,\u00a0en medio de un mitin de campa\u00f1a durante la noche del domingo. Nahleindic\u00f3 que adem\u00e1s [&hellip;]<\/p>\n","protected":false},"author":1,"featured_media":2509,"comment_status":"open","ping_status":"open","sticky":false,"template":"","format":"standard","meta":{"footnotes":""},"categories":[4],"tags":[],"class_list":["post-2508","post","type-post","status-publish","format-standard","has-post-thumbnail","hentry","category-noticias"],"_links":{"self":[{"href":"https:\/\/trabucoradio.com\/home\/index.php?rest_route=\/wp\/v2\/posts\/2508","targetHints":{"allow":["GET"]}}],"collection":[{"href":"https:\/\/trabucoradio.com\/home\/index.php?rest_route=\/wp\/v2\/posts"}],"about":[{"href":"https:\/\/trabucoradio.com\/home\/index.php?rest_route=\/wp\/v2\/types\/post"}],"author":[{"embeddable":true,"href":"https:\/\/trabucoradio.com\/home\/index.php?rest_route=\/wp\/v2\/users\/1"}],"replies":[{"embeddable":true,"href":"https:\/\/trabucoradio.com\/home\/index.php?rest_route=%2Fwp%2Fv2%2Fcomments&post=2508"}],"version-history":[{"count":1,"href":"https:\/\/trabucoradio.com\/home\/index.php?rest_route=\/wp\/v2\/posts\/2508\/revisions"}],"predecessor-version":[{"id":2510,"href":"https:\/\/trabucoradio.com\/home\/index.php?rest_route=\/wp\/v2\/posts\/2508\/revisions\/2510"}],"wp:featuredmedia":[{"embeddable":true,"href":"https:\/\/trabucoradio.com\/home\/index.php?rest_route=\/wp\/v2\/media\/2509"}],"wp:attachment":[{"href":"https:\/\/trabucoradio.com\/home\/index.php?rest_route=%2Fwp%2Fv2%2Fmedia&parent=2508"}],"wp:term":[{"taxonomy":"category","embeddable":true,"href":"https:\/\/trabucoradio.com\/home\/index.php?rest_route=%2Fwp%2Fv2%2Fcategories&post=2508"},{"taxonomy":"post_tag","embeddable":true,"href":"https:\/\/trabucoradio.com\/home\/index.php?rest_route=%2Fwp%2Fv2%2Ftags&post=2508"}],"curies":[{"name":"wp","href":"https:\/\/api.w.org\/{rel}","templated":true}]}}