{"id":2500,"date":"2025-05-13T15:26:07","date_gmt":"2025-05-13T21:26:07","guid":{"rendered":"https:\/\/trabucoradio.com\/home\/?p=2500"},"modified":"2025-05-13T15:26:07","modified_gmt":"2025-05-13T21:26:07","slug":"en-junio-se-llevara-a-cabo-la-apertura-de-nuevo-penal-en-huimanguillo","status":"publish","type":"post","link":"https:\/\/trabucoradio.com\/home\/?p=2500","title":{"rendered":"EN JUNIO SE LLEVAR\u00c1 A CABO LA APERTURA DE NUEVO PENAL EN HUIMANGUILLO"},"content":{"rendered":"<p>EN JUNIO SE LLEVAR\u00c1 A CABO LA APERTURA DE NUEVO PENAL EN HUIMANGUILLO<\/p>\n<p>&nbsp;<\/p>\n<p>El gobernador del Estado Javier May Rodr\u00edguez anunci\u00f3 que a finales de junio se espera la apertura del nuevo penal de Estaci\u00f3n Chontalpa en Huimanguillo, con capacidad para720 personas privadas de la libertad.<\/p>\n<p>Durante la ma\u00f1anera, el mandatario estatal refiri\u00f3 que esto permitir\u00e1 clasificar a los reclusos seg\u00fan el delito por el que fueron condenados y\u00a0trasladarlos a este nuevo centro penitenciario.<\/p>\n<p>Adem\u00e1s, el gobernador adelant\u00f3 que esta apertura tambi\u00e9n permitir\u00e1 intervenir en el penal de Villahermosa para rehabilitarlo y realizar las inversiones necesarias para su mantenimiento. A largo plazo, May Rodr\u00edguez tiene previsto construir un centro penitenciario en el\u00a0CRESET de Huimanguillo, que cuenta con 75 hect\u00e1reas de terreno, que tendr\u00e1 como objetivo garantizar la rehabilitaci\u00f3n social de los reclusos.<\/p>\n<p>La primera etapa de este proyecto se enfocar\u00e1 en la apertura del nuevo penal en junio, el jefe del ejecutivo del Estado confi\u00f3 en que en un plazo de dos a\u00f1os se podr\u00e1n iniciar las obras de construcci\u00f3n del\u00a0centro penitenciario en el CRESET\u00a0de Huimanguillo.<\/p>\n","protected":false},"excerpt":{"rendered":"<p>EN JUNIO SE LLEVAR\u00c1 A CABO LA APERTURA DE NUEVO PENAL EN HUIMANGUILLO &nbsp; El gobernador del Estado Javier May Rodr\u00edguez anunci\u00f3 que a finales de junio se espera la apertura del nuevo penal de Estaci\u00f3n Chontalpa en Huimanguillo, con capacidad para720 personas privadas de la libertad. Durante la ma\u00f1anera, el mandatario estatal refiri\u00f3 que [&hellip;]<\/p>\n","protected":false},"author":1,"featured_media":2501,"comment_status":"open","ping_status":"open","sticky":false,"template":"","format":"standard","meta":{"footnotes":""},"categories":[3],"tags":[],"class_list":["post-2500","post","type-post","status-publish","format-standard","has-post-thumbnail","hentry","category-politica"],"_links":{"self":[{"href":"https:\/\/trabucoradio.com\/home\/index.php?rest_route=\/wp\/v2\/posts\/2500","targetHints":{"allow":["GET"]}}],"collection":[{"href":"https:\/\/trabucoradio.com\/home\/index.php?rest_route=\/wp\/v2\/posts"}],"about":[{"href":"https:\/\/trabucoradio.com\/home\/index.php?rest_route=\/wp\/v2\/types\/post"}],"author":[{"embeddable":true,"href":"https:\/\/trabucoradio.com\/home\/index.php?rest_route=\/wp\/v2\/users\/1"}],"replies":[{"embeddable":true,"href":"https:\/\/trabucoradio.com\/home\/index.php?rest_route=%2Fwp%2Fv2%2Fcomments&post=2500"}],"version-history":[{"count":1,"href":"https:\/\/trabucoradio.com\/home\/index.php?rest_route=\/wp\/v2\/posts\/2500\/revisions"}],"predecessor-version":[{"id":2502,"href":"https:\/\/trabucoradio.com\/home\/index.php?rest_route=\/wp\/v2\/posts\/2500\/revisions\/2502"}],"wp:featuredmedia":[{"embeddable":true,"href":"https:\/\/trabucoradio.com\/home\/index.php?rest_route=\/wp\/v2\/media\/2501"}],"wp:attachment":[{"href":"https:\/\/trabucoradio.com\/home\/index.php?rest_route=%2Fwp%2Fv2%2Fmedia&parent=2500"}],"wp:term":[{"taxonomy":"category","embeddable":true,"href":"https:\/\/trabucoradio.com\/home\/index.php?rest_route=%2Fwp%2Fv2%2Fcategories&post=2500"},{"taxonomy":"post_tag","embeddable":true,"href":"https:\/\/trabucoradio.com\/home\/index.php?rest_route=%2Fwp%2Fv2%2Ftags&post=2500"}],"curies":[{"name":"wp","href":"https:\/\/api.w.org\/{rel}","templated":true}]}}