{"id":2496,"date":"2025-05-13T15:23:09","date_gmt":"2025-05-13T21:23:09","guid":{"rendered":"https:\/\/trabucoradio.com\/home\/?p=2496"},"modified":"2025-05-13T15:23:09","modified_gmt":"2025-05-13T21:23:09","slug":"sheinbaum-pide-a-la-gn-atender-asalto-carretero-a-los-angeles-azules","status":"publish","type":"post","link":"https:\/\/trabucoradio.com\/home\/?p=2496","title":{"rendered":"SHEINBAUM PIDE A LA GN ATENDER ASALTO CARRETERO A LOS \u00c1NGELES AZULES"},"content":{"rendered":"<p>SHEINBAUM PIDE A LA GN ATENDER ASALTO CARRETERO A LOS \u00c1NGELES AZULES<\/p>\n<p>&nbsp;<\/p>\n<p>&nbsp;<\/p>\n<p class=\"Typography_text-default__P3otY Typography_weight-normal__pqUbH Typography_text-default__P3otY Typography_weight-normal__pqUbH\">Claudia Sheinbaum encarg\u00f3 al comandante de la Guardia Nacional, Hern\u00e1n Cort\u00e9s, ponerse en contacto con la agrupaci\u00f3n musical Los \u00c1ngeles Azules,\u00a0para atender el caso del\u00a0<b class=\"bold\">asalto<\/b>\u00a0del que fueron\u00a0v\u00edctimas\u00a0el pasado viernes 9 de mayo en una\u00a0carretera de Puebla.<\/p>\n<p class=\"Typography_text-default__P3otY Typography_weight-normal__pqUbH Typography_text-default__P3otY Typography_weight-normal__pqUbH\">\u201cLe ped\u00ed al general Cort\u00e9s que se pusiera en contacto con alg\u00fan representante o con alguno de los miembros de\u00a0Los \u00c1ngeles Azules\u00a0para saber exactamente qu\u00e9 fue lo que pas\u00f3\u201d, dijo la mandataria este martes.<\/p>\n<div class=\"ad-wrapper mexico-nota-1x1\">\n<div id=\"\/2000002\/elsoldemexico\/mexico_nota_1x1\" class=\"ad mexico-nota-1x1\" data-testid=\"\/2000002\/elsoldemexico\/mexico_nota_1x1\" data-google-query-id=\"CKXF38OvoY0DFVDdGAIdXW0naw\">\n<div id=\"google_ads_iframe_\/2000002\/elsoldemexico\/mexico_nota_1x1_0__container__\">\u201cEllos tuvieron este robo hace unos d\u00edas y hasta despu\u00e9s presentaron la denuncia. Entonces para poder saber d\u00f3nde fue, c\u00f3mo fue, cu\u00e1l fue el modus operandi y hacer todas las acciones preventivas, y tambi\u00e9n pues de seguimiento de este caso para poder llegar a los responsables\u201d, agreg\u00f3 la presidenta.<\/div>\n<\/div>\n<\/div>\n<div>\n<p class=\"Typography_text-default__P3otY Typography_weight-normal__pqUbH Typography_text-default__P3otY Typography_weight-normal__pqUbH\">La agrupaci\u00f3n musical Los \u00c1ngeles Azules denunci\u00f3 en un comunicado que luego de una\u00a0presentaci\u00f3n en Tabasco, cuando se trasladaba de regreso a la Ciudad de M\u00e9xico, elcami\u00f3n donde trasladaban sus instrumentos\u00a0y\u00a0equipo de audio\u00a0fue\u00a0robado en un ret\u00e9n carretero falso.<\/p>\n<p class=\"Typography_text-default__P3otY Typography_weight-normal__pqUbH Typography_text-default__P3otY Typography_weight-normal__pqUbH\">El falso ret\u00e9n carretero estaba instalado en la\u00a0autopista M\u00e9xico-Puebla, a la altura de\u00a0Santa Rita Tlahuapan.<\/p>\n<p class=\"Typography_text-default__P3otY Typography_weight-normal__pqUbH Typography_text-default__P3otY Typography_weight-normal__pqUbH\">De acuerdo con la\u00a0denuncia p\u00fablica, el\u00a0robo\u00a0fue denunciado formalmente ante las instancias competentes y el grupo musical pidi\u00f3 a las autoridades estatales y federales tomar medidas urgentes para garantizar el tr\u00e1nsito seguro en las carreteras.<\/p>\n<\/div>\n<p>Tras encomendar el tema a la Guardia Nacional, la mandataria federal consider\u00f3 que aunque se ha avanzado con la\u00a0estrategia nacional de seguridad, il\u00edcitos como el\u00a0robo en carreterastodav\u00eda es un tema persistente.<\/p>\n","protected":false},"excerpt":{"rendered":"<p>SHEINBAUM PIDE A LA GN ATENDER ASALTO CARRETERO A LOS \u00c1NGELES AZULES &nbsp; &nbsp; Claudia Sheinbaum encarg\u00f3 al comandante de la Guardia Nacional, Hern\u00e1n Cort\u00e9s, ponerse en contacto con la agrupaci\u00f3n musical Los \u00c1ngeles Azules,\u00a0para atender el caso del\u00a0asalto\u00a0del que fueron\u00a0v\u00edctimas\u00a0el pasado viernes 9 de mayo en una\u00a0carretera de Puebla. \u201cLe ped\u00ed al general Cort\u00e9s [&hellip;]<\/p>\n","protected":false},"author":1,"featured_media":2497,"comment_status":"open","ping_status":"open","sticky":false,"template":"","format":"standard","meta":{"footnotes":""},"categories":[4],"tags":[],"class_list":["post-2496","post","type-post","status-publish","format-standard","has-post-thumbnail","hentry","category-noticias"],"_links":{"self":[{"href":"https:\/\/trabucoradio.com\/home\/index.php?rest_route=\/wp\/v2\/posts\/2496","targetHints":{"allow":["GET"]}}],"collection":[{"href":"https:\/\/trabucoradio.com\/home\/index.php?rest_route=\/wp\/v2\/posts"}],"about":[{"href":"https:\/\/trabucoradio.com\/home\/index.php?rest_route=\/wp\/v2\/types\/post"}],"author":[{"embeddable":true,"href":"https:\/\/trabucoradio.com\/home\/index.php?rest_route=\/wp\/v2\/users\/1"}],"replies":[{"embeddable":true,"href":"https:\/\/trabucoradio.com\/home\/index.php?rest_route=%2Fwp%2Fv2%2Fcomments&post=2496"}],"version-history":[{"count":1,"href":"https:\/\/trabucoradio.com\/home\/index.php?rest_route=\/wp\/v2\/posts\/2496\/revisions"}],"predecessor-version":[{"id":2498,"href":"https:\/\/trabucoradio.com\/home\/index.php?rest_route=\/wp\/v2\/posts\/2496\/revisions\/2498"}],"wp:featuredmedia":[{"embeddable":true,"href":"https:\/\/trabucoradio.com\/home\/index.php?rest_route=\/wp\/v2\/media\/2497"}],"wp:attachment":[{"href":"https:\/\/trabucoradio.com\/home\/index.php?rest_route=%2Fwp%2Fv2%2Fmedia&parent=2496"}],"wp:term":[{"taxonomy":"category","embeddable":true,"href":"https:\/\/trabucoradio.com\/home\/index.php?rest_route=%2Fwp%2Fv2%2Fcategories&post=2496"},{"taxonomy":"post_tag","embeddable":true,"href":"https:\/\/trabucoradio.com\/home\/index.php?rest_route=%2Fwp%2Fv2%2Ftags&post=2496"}],"curies":[{"name":"wp","href":"https:\/\/api.w.org\/{rel}","templated":true}]}}