{"id":2487,"date":"2025-05-13T15:08:03","date_gmt":"2025-05-13T21:08:03","guid":{"rendered":"https:\/\/trabucoradio.com\/home\/?p=2487"},"modified":"2025-05-13T15:08:03","modified_gmt":"2025-05-13T21:08:03","slug":"mexico-dice-que-hace-todo-lo-posible-frente-al-gusano-barrenador-ante-criticas-de-ee-uu","status":"publish","type":"post","link":"https:\/\/trabucoradio.com\/home\/?p=2487","title":{"rendered":"M\u00c9XICO DICE QUE HACE TODO LO \u201cPOSIBLE\u201d FRENTE AL GUSANO BARRENADOR ANTE CR\u00cdTICAS DE EE.UU."},"content":{"rendered":"<p>M\u00c9XICO DICE QUE HACE TODO LO \u201cPOSIBLE\u201d FRENTE AL GUSANO BARRENADOR ANTE CR\u00cdTICAS DE EE.UU.<\/p>\n<p>&nbsp;<\/p>\n<p>&nbsp;<\/p>\n<p>El Gobierno de M\u00e9xico, a trav\u00e9s de la Secretar\u00eda de Agricultura y Desarrollo Rural (Sader), asegur\u00f3 este martes que est\u00e1 haciendo\u00a0todo lo \u201cmaterialmente posible\u201d\u00a0para combatir al<strong>\u00a0<\/strong>gusano barrenador, ante el anuncio del cierre de exportaci\u00f3n de ganado por 15 d\u00edas por parte de Estados Unidos.<\/p>\n<p>\u201cEstamos haciendo todo lo que es materialmente posible hacer. Hemos pedido (a Estados Unidos), durante meses sin respuesta, la apertura de una planta productora de moscas est\u00e9riles en Chiapas. Seguimos esperando la respuesta\u201d, se\u00f1al\u00f3 el titular de la Sader, Julio Berdegu\u00e9.<\/p>\n<p>El funcionario detall\u00f3 que desde mayo de 2024, M\u00e9xico activ\u00f3 una serie de\u00a0medidas preventivas\u00a0para controlar el gusano barrenador, incluidas inspecciones en aeropuertos, aduanas y capacitaci\u00f3n a veterinarios.<\/p>\n<p>\u201cYa en el mes de julio todav\u00eda no estaba ac\u00e1, pero ve\u00edamos que avanzaba\u201d, asever\u00f3.<\/p>\n<p>Apunt\u00f3 que fue entonces que el expresidente, Andr\u00e9s Manuel L\u00f3pez Obrador (2018-2024), activ\u00f3 un dispositivo de emergencia, sin embargo, el 24 de noviembre de 2024 se detect\u00f3 el primer caso en un punto de control.<\/p>\n<p>Desde entonces, dijo Berdegu\u00e9, se implement\u00f3 la\u00a0dispersi\u00f3n de moscas est\u00e9riles<strong>\u00a0<\/strong>para contrarrestar la situaci\u00f3n, las cuales actualmente han alcanzado un total de 1.000 millones que ser\u00e1n dispersadas para combatir el brote.<\/p>\n<p>Adem\u00e1s, se\u00f1al\u00f3 que con el gobierno de Estados Unidos se acord\u00f3 una suspensi\u00f3n temporal para el cruce de c\u00e1rnicos, para realizar acciones de inspecci\u00f3n y revisi\u00f3n de ranchos.<\/p>\n<p>Finalmente, Berdegu\u00e9 confi\u00f3 en que con estas medidas tras la inspecci\u00f3n de la Secretar\u00eda de Agricultura de Estados Unidos se puedan abrir las fronteras en la fecha acordada para evitar mayores afectaciones a ganaderos mexicanos.<\/p>\n<p>\u201cEstamos claros que eso es as\u00ed, por eso estamos insistiendo que en 15 d\u00edas se eval\u00fae y se reabra la exportaci\u00f3n porque M\u00e9xico est\u00e1 haciendo el 100% de lo que hemos acordado con Estados Unidos\u201d, enfatiz\u00f3.<\/p>\n<p>El lunes, el Consejo Nacional Agropecuario, asegur\u00f3 que la decisi\u00f3n de Estados Unidos de frenar las importaciones de ganado bovino, equino y bisonte procedente de M\u00e9xico por nuevos brotes del gusano barrenador podr\u00eda significar p\u00e9rdidas diarias de 11,4 millones de d\u00f3lares diarios para el pa\u00eds.<\/p>\n<p>La presidenta mexicana, Claudia Sheinbaum, ha calificado como \u201cinjusta\u201d la decisi\u00f3n del USDA, y ha subrayado que su gobierno ha trabajado intensamente desde el primer momento para contener el brote tomando todas las medidas necesarias para proteger la salud del ganado en M\u00e9xico.<\/p>\n<p>El brote de gusano barrenador, una larva de mosca que deposita sus huevos en heridas abiertas de animales, representa un grave riesgo para la salud animal y la econom\u00eda ganadera de M\u00e9xico, que hab\u00eda logrado erradicar esta plaga en 1991, manteniendo un estatus sanitario que ahora podr\u00eda verse comprometido si no se controlan los nuevos casos.<\/p>\n","protected":false},"excerpt":{"rendered":"<p>M\u00c9XICO DICE QUE HACE TODO LO \u201cPOSIBLE\u201d FRENTE AL GUSANO BARRENADOR ANTE CR\u00cdTICAS DE EE.UU. &nbsp; &nbsp; El Gobierno de M\u00e9xico, a trav\u00e9s de la Secretar\u00eda de Agricultura y Desarrollo Rural (Sader), asegur\u00f3 este martes que est\u00e1 haciendo\u00a0todo lo \u201cmaterialmente posible\u201d\u00a0para combatir al\u00a0gusano barrenador, ante el anuncio del cierre de exportaci\u00f3n de ganado por 15 [&hellip;]<\/p>\n","protected":false},"author":1,"featured_media":2488,"comment_status":"open","ping_status":"open","sticky":false,"template":"","format":"standard","meta":{"footnotes":""},"categories":[4],"tags":[],"class_list":["post-2487","post","type-post","status-publish","format-standard","has-post-thumbnail","hentry","category-noticias"],"_links":{"self":[{"href":"https:\/\/trabucoradio.com\/home\/index.php?rest_route=\/wp\/v2\/posts\/2487","targetHints":{"allow":["GET"]}}],"collection":[{"href":"https:\/\/trabucoradio.com\/home\/index.php?rest_route=\/wp\/v2\/posts"}],"about":[{"href":"https:\/\/trabucoradio.com\/home\/index.php?rest_route=\/wp\/v2\/types\/post"}],"author":[{"embeddable":true,"href":"https:\/\/trabucoradio.com\/home\/index.php?rest_route=\/wp\/v2\/users\/1"}],"replies":[{"embeddable":true,"href":"https:\/\/trabucoradio.com\/home\/index.php?rest_route=%2Fwp%2Fv2%2Fcomments&post=2487"}],"version-history":[{"count":1,"href":"https:\/\/trabucoradio.com\/home\/index.php?rest_route=\/wp\/v2\/posts\/2487\/revisions"}],"predecessor-version":[{"id":2489,"href":"https:\/\/trabucoradio.com\/home\/index.php?rest_route=\/wp\/v2\/posts\/2487\/revisions\/2489"}],"wp:featuredmedia":[{"embeddable":true,"href":"https:\/\/trabucoradio.com\/home\/index.php?rest_route=\/wp\/v2\/media\/2488"}],"wp:attachment":[{"href":"https:\/\/trabucoradio.com\/home\/index.php?rest_route=%2Fwp%2Fv2%2Fmedia&parent=2487"}],"wp:term":[{"taxonomy":"category","embeddable":true,"href":"https:\/\/trabucoradio.com\/home\/index.php?rest_route=%2Fwp%2Fv2%2Fcategories&post=2487"},{"taxonomy":"post_tag","embeddable":true,"href":"https:\/\/trabucoradio.com\/home\/index.php?rest_route=%2Fwp%2Fv2%2Ftags&post=2487"}],"curies":[{"name":"wp","href":"https:\/\/api.w.org\/{rel}","templated":true}]}}