{"id":2482,"date":"2025-05-12T16:18:21","date_gmt":"2025-05-12T22:18:21","guid":{"rendered":"https:\/\/trabucoradio.com\/home\/?p=2482"},"modified":"2025-05-12T16:18:21","modified_gmt":"2025-05-12T22:18:21","slug":"feria-tabasco-se-afianzo-como-espacio-seguro-de-diversion-y-convivencia-familiar-javier-may","status":"publish","type":"post","link":"https:\/\/trabucoradio.com\/home\/?p=2482","title":{"rendered":"FERIA TABASCO SE AFIANZ\u00d3 COMO ESPACIO SEGURO DE DIVERSI\u00d3N Y CONVIVENCIA FAMILIAR: JAVIER MAY"},"content":{"rendered":"<div class=\"xdj266r x11i5rnm xat24cr x1mh8g0r x1vvkbs x126k92a\">\n<div dir=\"auto\">FERIA TABASCO SE AFIANZ\u00d3 COMO ESPACIO SEGURO DE DIVERSI\u00d3N Y CONVIVENCIA FAMILIAR: JAVIER MAY<\/div>\n<div dir=\"auto\"><\/div>\n<\/div>\n<div class=\"x11i5rnm xat24cr x1mh8g0r x1vvkbs xtlvy1s x126k92a\">\n<div dir=\"auto\"><\/div>\n<div dir=\"auto\">En su conferencia matutina, el Gobernador afirm\u00f3 que la \u2018Fiesta del Pueblo\u2019 fue un \u00e9xito que concluy\u00f3 con saldo blanco, pese a las voces que apostaban a su fracaso<\/div>\n<\/div>\n<div class=\"x11i5rnm xat24cr x1mh8g0r x1vvkbs xtlvy1s x126k92a\">\n<div dir=\"auto\">Con un agradecimiento a las y los tabasque\u00f1os por su confianza y hacer suya la Feria Tabasco 2025, que durante 11 d\u00edas mostr\u00f3 la riqueza de nuestra tierra y agua, as\u00ed como la grandeza de nuestra gente, el Gobernador <span class=\"html-span xdj266r x11i5rnm xat24cr x1mh8g0r xexx8yu x4uap5 x18d9i69 xkhd6sd x1hl2dhg x16tdsg8 x1vvkbs\"><a class=\"x1i10hfl xjbqb8w x1ejq31n xd10rxx x1sy0etr x17r0tee x972fbf xcfux6l x1qhh985 xm0m39n x9f619 x1ypdohk xt0psk2 xe8uvvx xdj266r x11i5rnm xat24cr x1mh8g0r xexx8yu x4uap5 x18d9i69 xkhd6sd x16tdsg8 x1hl2dhg xggy1nq x1a2a7pz xkrqix3 x1sur9pj x1fey0fg x1s688f\" tabindex=\"0\" role=\"link\" href=\"https:\/\/www.facebook.com\/TabascoJavier?__cft__[0]=AZW22kQfrvmI6n60fGBOE86eQ5jMH5GMrvvaat-dDy7VlZ8MYKglr7P3IdLAOQhvjJp8cVtn5j2y8_a5aBKrlM_LC045TbjO3jdY7Y_1RqaHtciM7x6n2BPefd2Z_weXOu9tpOyWr7Qkwo6MMjUlR-zU2T1-FBgE9Kni9T3Bit9kbT0RiJbt1hZ8f_zUENe6q4I&amp;__tn__=-]K-R\"><span class=\"xt0psk2\"><span class=\"xjp7ctv\">Javier May Rodr\u00edguez<\/span><\/span><\/a><\/span> afirm\u00f3 que la \u2018Fiesta del Pueblo\u2019 fue un \u00e9xito que concluy\u00f3 con saldo blanco, pese a las voces que apostaban a su fracaso.<\/div>\n<\/div>\n<div class=\"x11i5rnm xat24cr x1mh8g0r x1vvkbs xtlvy1s x126k92a\">\n<div dir=\"auto\">\u201cFue una verdadera oportunidad para mostrar la capacidad productiva y cultural de nuestra regi\u00f3n, y sobre todo, fue un reencuentro entre nosotros, un espacio seguro de diversi\u00f3n y convivencia familiar\u201d, afirm\u00f3.<\/div>\n<div dir=\"auto\"><\/div>\n<\/div>\n<div class=\"x11i5rnm xat24cr x1mh8g0r x1vvkbs xtlvy1s x126k92a\">\n<div dir=\"auto\">En su conferencia matutina de este lunes, donde la secretaria de Turismo y Desarrollo Econ\u00f3mico, Katia Ornelas Gil, present\u00f3 un informe de resultados de la feria Tabasco 2025 ,\u00a0Javier May subray\u00f3 que con una afluencia r\u00e9cord de m\u00e1s de 2.5 millones de visitantes, el pueblo dio una gran lecci\u00f3n a todos aquellos que esperaban una tragedia y demostr\u00f3 que unidos podemos salir adelante, para bienestar y felicidad de las y los tabasque\u00f1os.<\/div>\n<div dir=\"auto\"><\/div>\n<\/div>\n<div class=\"x11i5rnm xat24cr x1mh8g0r x1vvkbs xtlvy1s x126k92a\">\n<div dir=\"auto\">\u201cLa Feria fue un esfuerzo de todas y de todos, un trabajo en equipo que sali\u00f3 muy bien\u201d y que, adem\u00e1s, venci\u00f3 la idea tergiversada de que Tabasco es un estado inseguro, remarc\u00f3.<\/div>\n<\/div>\n<div class=\"x11i5rnm xat24cr x1mh8g0r x1vvkbs xtlvy1s x126k92a\">\n<div dir=\"auto\">Adelant\u00f3 que la edici\u00f3n 2026 va a ser todav\u00eda m\u00e1s atractiva, ya que se mejorar\u00e1 la cartelera del Foro Tabasco , un espacio, recalc\u00f3, que lleg\u00f3 para quedarse, en el que este a\u00f1o se presentaron de forma gratuita 12 conciertos, con una asistencia de m\u00e1s de 380 mil personas que corearon a artistas de talla nacional e internacional.<\/div>\n<div dir=\"auto\"><\/div>\n<\/div>\n<div class=\"x11i5rnm xat24cr x1mh8g0r x1vvkbs xtlvy1s x126k92a\">\n<div dir=\"auto\">El mandatario brind\u00f3 un reconocimiento a todos los que hicieron posible que esta festividad se desarrollara en orden y con seguridad; \u201ca todos los que asistieron, a los que organizaron y participaron, y tambi\u00e9n a las instituciones de seguridad que estuvieran atentas en todo momento\u201d.<\/div>\n<div dir=\"auto\"><\/div>\n<\/div>\n<div class=\"x11i5rnm xat24cr x1mh8g0r x1vvkbs xtlvy1s x126k92a\">\n<div dir=\"auto\">Puntualiz\u00f3 que la festividad no detuvo en ning\u00fan momento la buena marcha del estado, ya que se continuaron atendiendo todos los frentes. La obra p\u00fablica no se interrumpi\u00f3, empez\u00f3 el barrido sanitario, siguieron avanzando los programas sociales, y tambi\u00e9n permaneci\u00f3 abierta la incorporaci\u00f3n de hombres de 63 y 64 a\u00f1os al Programa de Bienestar y Plenitud para que puedan recibir su pensi\u00f3n, recalc\u00f3.<\/div>\n<div dir=\"auto\"><\/div>\n<\/div>\n<div class=\"x11i5rnm xat24cr x1mh8g0r x1vvkbs xtlvy1s x126k92a\">\n<div dir=\"auto\">\u201cMa\u00f1ana vamos a Frontera para revisar el avance en lo relacionado con el puerto; el mi\u00e9rcoles estaremos en Macuspana, Jalapa y Tacotalpa, para la entrega de tabletas electr\u00f3nicas a estudiantes de secundaria, y el jueves se reinician las Jornadas de Atenci\u00f3n en Territorio, en Tres Bocas, Huimanguillo\u201d, enfatiz\u00f3.<\/div>\n<div dir=\"auto\"><\/div>\n<\/div>\n<div class=\"x11i5rnm xat24cr x1mh8g0r x1vvkbs xtlvy1s x126k92a\">\n<div dir=\"auto\">Sostuvo que en Tabasco se gobierna con el pueblo, desde el territorio, desde las comunidades, desde los centros integradores; \u201ctodo lo que hacemos es para la felicidad de la gente, por eso, la Feria fue un buen momento para mostrar unidad y alegr\u00eda\u201d, estableci\u00f3.<\/div>\n<\/div>\n<div class=\"x11i5rnm xat24cr x1mh8g0r x1vvkbs xtlvy1s x126k92a\"><\/div>\n","protected":false},"excerpt":{"rendered":"<p>FERIA TABASCO SE AFIANZ\u00d3 COMO ESPACIO SEGURO DE DIVERSI\u00d3N Y CONVIVENCIA FAMILIAR: JAVIER MAY En su conferencia matutina, el Gobernador afirm\u00f3 que la \u2018Fiesta del Pueblo\u2019 fue un \u00e9xito que concluy\u00f3 con saldo blanco, pese a las voces que apostaban a su fracaso Con un agradecimiento a las y los tabasque\u00f1os por su confianza y [&hellip;]<\/p>\n","protected":false},"author":1,"featured_media":2483,"comment_status":"open","ping_status":"open","sticky":false,"template":"","format":"standard","meta":{"footnotes":""},"categories":[4],"tags":[],"class_list":["post-2482","post","type-post","status-publish","format-standard","has-post-thumbnail","hentry","category-noticias"],"_links":{"self":[{"href":"https:\/\/trabucoradio.com\/home\/index.php?rest_route=\/wp\/v2\/posts\/2482","targetHints":{"allow":["GET"]}}],"collection":[{"href":"https:\/\/trabucoradio.com\/home\/index.php?rest_route=\/wp\/v2\/posts"}],"about":[{"href":"https:\/\/trabucoradio.com\/home\/index.php?rest_route=\/wp\/v2\/types\/post"}],"author":[{"embeddable":true,"href":"https:\/\/trabucoradio.com\/home\/index.php?rest_route=\/wp\/v2\/users\/1"}],"replies":[{"embeddable":true,"href":"https:\/\/trabucoradio.com\/home\/index.php?rest_route=%2Fwp%2Fv2%2Fcomments&post=2482"}],"version-history":[{"count":1,"href":"https:\/\/trabucoradio.com\/home\/index.php?rest_route=\/wp\/v2\/posts\/2482\/revisions"}],"predecessor-version":[{"id":2484,"href":"https:\/\/trabucoradio.com\/home\/index.php?rest_route=\/wp\/v2\/posts\/2482\/revisions\/2484"}],"wp:featuredmedia":[{"embeddable":true,"href":"https:\/\/trabucoradio.com\/home\/index.php?rest_route=\/wp\/v2\/media\/2483"}],"wp:attachment":[{"href":"https:\/\/trabucoradio.com\/home\/index.php?rest_route=%2Fwp%2Fv2%2Fmedia&parent=2482"}],"wp:term":[{"taxonomy":"category","embeddable":true,"href":"https:\/\/trabucoradio.com\/home\/index.php?rest_route=%2Fwp%2Fv2%2Fcategories&post=2482"},{"taxonomy":"post_tag","embeddable":true,"href":"https:\/\/trabucoradio.com\/home\/index.php?rest_route=%2Fwp%2Fv2%2Ftags&post=2482"}],"curies":[{"name":"wp","href":"https:\/\/api.w.org\/{rel}","templated":true}]}}