{"id":2476,"date":"2025-05-12T16:11:49","date_gmt":"2025-05-12T22:11:49","guid":{"rendered":"https:\/\/trabucoradio.com\/home\/?p=2476"},"modified":"2025-05-12T16:11:49","modified_gmt":"2025-05-12T22:11:49","slug":"detiene-firt-olmeca-a-dos-personas-por-delitos-contra-la-salud-en-la-colonia-gaviotas-sur","status":"publish","type":"post","link":"https:\/\/trabucoradio.com\/home\/?p=2476","title":{"rendered":"DETIENE FIRT OLMECA A DOS PERSONAS POR DELITOS CONTRA LA SALUD EN LA COLONIA GAVIOTAS SUR"},"content":{"rendered":"<div class=\"xdj266r x11i5rnm xat24cr x1mh8g0r x1vvkbs x126k92a\">\n<div dir=\"auto\">DETIENE FIRT OLMECA A DOS PERSONAS POR DELITOS CONTRA LA SALUD EN LA COLONIA GAVIOTAS SUR<\/div>\n<div dir=\"auto\"><\/div>\n<\/div>\n<div class=\"x11i5rnm xat24cr x1mh8g0r x1vvkbs xtlvy1s x126k92a\">\n<div dir=\"auto\">La Fuerza Interinstitucional de Reacci\u00f3n T\u00e1ctica (FIRT) Olmeca, asegur\u00f3 a dos personas como presuntos responsables por delitos contra la salud y portaci\u00f3n de armas de fuego.<\/div>\n<div dir=\"auto\"><\/div>\n<\/div>\n<div class=\"x11i5rnm xat24cr x1mh8g0r x1vvkbs xtlvy1s x126k92a\">\n<div dir=\"auto\">Los detenidos, identificados como David Enrique \u00abN\u00bb y Jeymi Janet \u00abN\u00bb de 31 y 19 a\u00f1os, respectivamente, fueron asegurados en la Colonia Gaviotas Sur, donde se les decomiso una camioneta marca Jeep color arena, armas cortas y largas, cargadores, cartuchos \u00fatiles, envoltorios de pl\u00e1stico transparentes que en su interior contienen hierba seca, color verde con caracter\u00edsticas similares a la marihuana, envoltorios de pl\u00e1stico transparentes con sustancias s\u00f3lidas color blanco caracter\u00edsticas similares al cristal.<\/div>\n<div dir=\"auto\"><\/div>\n<\/div>\n<div class=\"x11i5rnm xat24cr x1mh8g0r x1vvkbs xtlvy1s x126k92a\">\n<div dir=\"auto\">Los detenidos, la droga, las armas y el veh\u00edculo fueron puestos a disposici\u00f3n de la autoridad correspondiente.<\/div>\n<div dir=\"auto\"><\/div>\n<\/div>\n<div class=\"x11i5rnm xat24cr x1mh8g0r x1vvkbs xtlvy1s x126k92a\">\n<div dir=\"auto\">Esta acci\u00f3n, es producto del trabajo coordinado de las instituciones que coadyuvan en la estrategia de seguridad en Tabasco, bajo el esquema de colaboraci\u00f3n de la FIRT: <span class=\"html-span xdj266r x11i5rnm xat24cr x1mh8g0r xexx8yu x4uap5 x18d9i69 xkhd6sd x1hl2dhg x16tdsg8 x1vvkbs\"><a class=\"x1i10hfl xjbqb8w x1ejq31n xd10rxx x1sy0etr x17r0tee x972fbf xcfux6l x1qhh985 xm0m39n x9f619 x1ypdohk xt0psk2 xe8uvvx xdj266r x11i5rnm xat24cr x1mh8g0r xexx8yu x4uap5 x18d9i69 xkhd6sd x16tdsg8 x1hl2dhg xggy1nq x1a2a7pz xkrqix3 x1sur9pj x1fey0fg x1s688f\" tabindex=\"0\" role=\"link\" href=\"https:\/\/www.facebook.com\/hashtag\/secretar%C3%ADadeseguridad?__eep__=6&amp;__cft__[0]=AZVyxzxRMtNYXBSDc7SZ--ZoMcGKfxv9kDjH4Zote7PI-kYV3jntFARv2iadLwHeb8fBEvfnd-6mRlBB_3ver58sCqBAqR7_PaYozrNRAO_5YGW2LKmHr4DAZm2bKp_YHOByD6TUU0xYsfnZ-72CDaNEK5PnNNH3VFTFv8p_LsH-N80sjWg4sXcQTX1VcLb-7vw&amp;__tn__=*NK-R\">Secretar\u00edadeSeguridad<\/a><\/span> y <span class=\"html-span xdj266r x11i5rnm xat24cr x1mh8g0r xexx8yu x4uap5 x18d9i69 xkhd6sd x1hl2dhg x16tdsg8 x1vvkbs\"><a class=\"x1i10hfl xjbqb8w x1ejq31n xd10rxx x1sy0etr x17r0tee x972fbf xcfux6l x1qhh985 xm0m39n x9f619 x1ypdohk xt0psk2 xe8uvvx xdj266r x11i5rnm xat24cr x1mh8g0r xexx8yu x4uap5 x18d9i69 xkhd6sd x16tdsg8 x1hl2dhg xggy1nq x1a2a7pz xkrqix3 x1sur9pj x1fey0fg x1s688f\" tabindex=\"0\" role=\"link\" href=\"https:\/\/www.facebook.com\/hashtag\/protecci%C3%B3nciudadana?__eep__=6&amp;__cft__[0]=AZVyxzxRMtNYXBSDc7SZ--ZoMcGKfxv9kDjH4Zote7PI-kYV3jntFARv2iadLwHeb8fBEvfnd-6mRlBB_3ver58sCqBAqR7_PaYozrNRAO_5YGW2LKmHr4DAZm2bKp_YHOByD6TUU0xYsfnZ-72CDaNEK5PnNNH3VFTFv8p_LsH-N80sjWg4sXcQTX1VcLb-7vw&amp;__tn__=*NK-R\">Protecci\u00f3nCiudadana<\/a><\/span> (SSPC), Defensa, el Ej\u00e9rcito Mexicano, la Guardia Nacional, la SSPC Federal, la Secretar\u00eda de Marina Armada de M\u00e9xico, as\u00ed como las Fiscal\u00edas General del Estado y de la Rep\u00fablica, y la Polic\u00eda Municipal.<\/div>\n<\/div>\n","protected":false},"excerpt":{"rendered":"<p>DETIENE FIRT OLMECA A DOS PERSONAS POR DELITOS CONTRA LA SALUD EN LA COLONIA GAVIOTAS SUR La Fuerza Interinstitucional de Reacci\u00f3n T\u00e1ctica (FIRT) Olmeca, asegur\u00f3 a dos personas como presuntos responsables por delitos contra la salud y portaci\u00f3n de armas de fuego. Los detenidos, identificados como David Enrique \u00abN\u00bb y Jeymi Janet \u00abN\u00bb de 31 [&hellip;]<\/p>\n","protected":false},"author":1,"featured_media":2477,"comment_status":"open","ping_status":"open","sticky":false,"template":"","format":"standard","meta":{"footnotes":""},"categories":[4],"tags":[],"class_list":["post-2476","post","type-post","status-publish","format-standard","has-post-thumbnail","hentry","category-noticias"],"_links":{"self":[{"href":"https:\/\/trabucoradio.com\/home\/index.php?rest_route=\/wp\/v2\/posts\/2476","targetHints":{"allow":["GET"]}}],"collection":[{"href":"https:\/\/trabucoradio.com\/home\/index.php?rest_route=\/wp\/v2\/posts"}],"about":[{"href":"https:\/\/trabucoradio.com\/home\/index.php?rest_route=\/wp\/v2\/types\/post"}],"author":[{"embeddable":true,"href":"https:\/\/trabucoradio.com\/home\/index.php?rest_route=\/wp\/v2\/users\/1"}],"replies":[{"embeddable":true,"href":"https:\/\/trabucoradio.com\/home\/index.php?rest_route=%2Fwp%2Fv2%2Fcomments&post=2476"}],"version-history":[{"count":1,"href":"https:\/\/trabucoradio.com\/home\/index.php?rest_route=\/wp\/v2\/posts\/2476\/revisions"}],"predecessor-version":[{"id":2478,"href":"https:\/\/trabucoradio.com\/home\/index.php?rest_route=\/wp\/v2\/posts\/2476\/revisions\/2478"}],"wp:featuredmedia":[{"embeddable":true,"href":"https:\/\/trabucoradio.com\/home\/index.php?rest_route=\/wp\/v2\/media\/2477"}],"wp:attachment":[{"href":"https:\/\/trabucoradio.com\/home\/index.php?rest_route=%2Fwp%2Fv2%2Fmedia&parent=2476"}],"wp:term":[{"taxonomy":"category","embeddable":true,"href":"https:\/\/trabucoradio.com\/home\/index.php?rest_route=%2Fwp%2Fv2%2Fcategories&post=2476"},{"taxonomy":"post_tag","embeddable":true,"href":"https:\/\/trabucoradio.com\/home\/index.php?rest_route=%2Fwp%2Fv2%2Ftags&post=2476"}],"curies":[{"name":"wp","href":"https:\/\/api.w.org\/{rel}","templated":true}]}}