{"id":2470,"date":"2025-05-12T16:04:13","date_gmt":"2025-05-12T22:04:13","guid":{"rendered":"https:\/\/trabucoradio.com\/home\/?p=2470"},"modified":"2025-05-12T16:04:13","modified_gmt":"2025-05-12T22:04:13","slug":"presenta-prd-queja-en-cedh-por-desalojo-de-estudiantes-en-tecnologico-de-los-rios","status":"publish","type":"post","link":"https:\/\/trabucoradio.com\/home\/?p=2470","title":{"rendered":"PRESENTA PRD QUEJA EN CEDH POR DESALOJO DE ESTUDIANTES EN TECNOL\u00d3GICO DE LOS R\u00cdOS"},"content":{"rendered":"<p>PRESENTA PRD QUEJA EN CEDH POR DESALOJO DE ESTUDIANTES EN TECNOL\u00d3GICO DE LOS R\u00cdOS<\/p>\n<p>&nbsp;<\/p>\n<p>&nbsp;<\/p>\n<p>El dirigente del PRD Tabasco, Rafael Acosta Le\u00f3n, acudi\u00f3\u00a0a las instalaciones de la\u00a0Comisi\u00f3n Estatal de los Derechos Humanos (CEDH), para interponer una queja por el desalojo de estudiantes del Tecnol\u00f3gico Superior de los R\u00edos (ITSR) en Balanc\u00e1n.<\/p>\n<p>El l\u00edder pol\u00edtico ondic\u00f3 que la queja es contra el\u00a0gobernador\u00a0de\u00a0Tabasco, Javier May Rodr\u00edguez;\u00a0el secretario de Gobierno, Jos\u00e9 Ramiro L\u00f3pez Obrador;\u00a0el ex director del Tec de los R\u00edos, Iv\u00e1n Arturo P\u00e9rez;\u00a0el secretario de Seguridad y Protecci\u00f3n Ciudadana (SSPC), Seraf\u00edn Tadeo Lazcano, y quien resulte responsable,\u00a0por violar la libertad de expresi\u00f3n y reuni\u00f3n pac\u00edfica.<\/p>\n<p>Coment\u00f3 que hay un\u00a0gobierno\u00a0represor\u00a0que busc\u00f3 solo\u00a0un pretexto al se\u00f1alar sin pruebas que los estudiantes ten\u00edan explosivos al interior del tecnol\u00f3gico, por lo que esta\u00a0administraci\u00f3n ya qued\u00f3 manchada.<\/p>\n<p>Acosta Le\u00f3n coment\u00f3 que ellos no est\u00e1n politizando la protesta y conf\u00edan en que la\u00a0CEDH\u00a0le d\u00e9 seguimiento al caso, adem\u00e1s que envi\u00e9 un visitador a las negociaciones que hacen maestros y alumnos con la autoridad.<\/p>\n","protected":false},"excerpt":{"rendered":"<p>PRESENTA PRD QUEJA EN CEDH POR DESALOJO DE ESTUDIANTES EN TECNOL\u00d3GICO DE LOS R\u00cdOS &nbsp; &nbsp; El dirigente del PRD Tabasco, Rafael Acosta Le\u00f3n, acudi\u00f3\u00a0a las instalaciones de la\u00a0Comisi\u00f3n Estatal de los Derechos Humanos (CEDH), para interponer una queja por el desalojo de estudiantes del Tecnol\u00f3gico Superior de los R\u00edos (ITSR) en Balanc\u00e1n. El l\u00edder [&hellip;]<\/p>\n","protected":false},"author":1,"featured_media":2471,"comment_status":"open","ping_status":"open","sticky":false,"template":"","format":"standard","meta":{"footnotes":""},"categories":[3],"tags":[],"class_list":["post-2470","post","type-post","status-publish","format-standard","has-post-thumbnail","hentry","category-politica"],"_links":{"self":[{"href":"https:\/\/trabucoradio.com\/home\/index.php?rest_route=\/wp\/v2\/posts\/2470","targetHints":{"allow":["GET"]}}],"collection":[{"href":"https:\/\/trabucoradio.com\/home\/index.php?rest_route=\/wp\/v2\/posts"}],"about":[{"href":"https:\/\/trabucoradio.com\/home\/index.php?rest_route=\/wp\/v2\/types\/post"}],"author":[{"embeddable":true,"href":"https:\/\/trabucoradio.com\/home\/index.php?rest_route=\/wp\/v2\/users\/1"}],"replies":[{"embeddable":true,"href":"https:\/\/trabucoradio.com\/home\/index.php?rest_route=%2Fwp%2Fv2%2Fcomments&post=2470"}],"version-history":[{"count":1,"href":"https:\/\/trabucoradio.com\/home\/index.php?rest_route=\/wp\/v2\/posts\/2470\/revisions"}],"predecessor-version":[{"id":2472,"href":"https:\/\/trabucoradio.com\/home\/index.php?rest_route=\/wp\/v2\/posts\/2470\/revisions\/2472"}],"wp:featuredmedia":[{"embeddable":true,"href":"https:\/\/trabucoradio.com\/home\/index.php?rest_route=\/wp\/v2\/media\/2471"}],"wp:attachment":[{"href":"https:\/\/trabucoradio.com\/home\/index.php?rest_route=%2Fwp%2Fv2%2Fmedia&parent=2470"}],"wp:term":[{"taxonomy":"category","embeddable":true,"href":"https:\/\/trabucoradio.com\/home\/index.php?rest_route=%2Fwp%2Fv2%2Fcategories&post=2470"},{"taxonomy":"post_tag","embeddable":true,"href":"https:\/\/trabucoradio.com\/home\/index.php?rest_route=%2Fwp%2Fv2%2Ftags&post=2470"}],"curies":[{"name":"wp","href":"https:\/\/api.w.org\/{rel}","templated":true}]}}