{"id":2467,"date":"2025-05-12T16:00:28","date_gmt":"2025-05-12T22:00:28","guid":{"rendered":"https:\/\/trabucoradio.com\/home\/?p=2467"},"modified":"2025-05-12T16:00:28","modified_gmt":"2025-05-12T22:00:28","slug":"reporta-gobierno-2-5-millones-de-visitantes-a-la-feria-tabasco-2025","status":"publish","type":"post","link":"https:\/\/trabucoradio.com\/home\/?p=2467","title":{"rendered":"REPORTA GOBIERNO 2.5 MILLONES DE VISITANTES A LA FERIA TABASCO 2025"},"content":{"rendered":"<p>REPORTA GOBIERNO 2.5 MILLONES DE VISITANTES A LA FERIA TABASCO 2025<\/p>\n<p>&nbsp;<\/p>\n<p><span style=\"font-size: medium;\">El\u00a0Gobierno\u00a0de\u00a0Tabasco\u00a0report\u00f3 que la Feria 2025 registr\u00f3 un\u00a0aforo\u00a0de\u00a02.5 millones de visitantes\u00a0durante sus 11 d\u00edas.<\/span><\/p>\n<p><span style=\"font-size: medium;\">Enconferenciade prensa, se present\u00f3 un\u00a0informe\u00a0preliminar respecto a los saldos logrados en la m\u00e1xima fiesta de los tabasque\u00f1os.<\/span><\/p>\n<p><span style=\"font-size: medium;\">El gobernador\u00a0Javier\u00a0May\u00a0Rodr\u00edguez agradeci\u00f3 la\u00a0civilidad\u00a0y\u00a0asistencia\u00a0de los ciudadanos que acudieron al recinto ferial.<\/span><\/p>\n<p><span style=\"font-size: medium;\">\u00abFueron 11 d\u00edas que se mostr\u00f3 la riqueza de nuestra tierra y nuestra agua y tambi\u00e9n la grandeza de nuestro pueblo. Fue una verdadera oportunidad para mostrar la capacidad productiva, cultural de nuestra regi\u00f3n y, sobre todo, fue un reencuentro entre nosotros, un espacio seguro de diversi\u00f3n y\u00a0convivencia\u00a0familiar. Qued\u00f3 demostrado que podemos salir adelante, unidos para bienestar y felicidad del pueblo. Agradezco a todos los tabasque\u00f1os y tabasque\u00f1as que asistieron y a quienes organizaron y quienes participaron. Agradezco tambi\u00e9n a las instituciones de seguridad que estuvieron atentas en todo momento&#8230;\u00bb, expuso.<\/span><\/p>\n<p><span style=\"font-size: medium;\">Por su parte, la secretaria de\u00a0Turismo,\u00a0Katia\u00a0Ornelas Gil, destac\u00f3 el\u00a0aforo\u00a0que alcanz\u00f3 la Feria\u00a0Tabasco.<\/span><\/p>\n<p><span style=\"font-size: medium;\">\u00abLa fiesta del pueblo rompi\u00f3\u00a0r\u00e9cord, en tan s\u00f3lo 11 d\u00edas, nuestra\u00a0afluencia\u00a0fue de m\u00e1s de\u00a02.5 millones de visitantes, una fiesta del pueblo y para el pueblo,\u00a0familiar, segura, y profundamente tabasque\u00f1a&#8230;con una derrama econ\u00f3mica de 844 millones de pesos que lleg\u00f3 de manera directa a las manos de los comerciantes&#8230;\u00bb, explic\u00f3.<\/span><\/p>\n<p>Agreg\u00f3 que, durante los 11 d\u00edas de esta fiesta, se registr\u00f3 una\u00a0ocupaci\u00f3n\u00a0hotelera\u00a0de 50.25 por ciento, cifra por encima de los n\u00fameros logrados en Semana Santa.<\/p>\n<div><\/div>\n<div class=\"social-embed mb-4\"><\/div>\n","protected":false},"excerpt":{"rendered":"<p>REPORTA GOBIERNO 2.5 MILLONES DE VISITANTES A LA FERIA TABASCO 2025 &nbsp; El\u00a0Gobierno\u00a0de\u00a0Tabasco\u00a0report\u00f3 que la Feria 2025 registr\u00f3 un\u00a0aforo\u00a0de\u00a02.5 millones de visitantes\u00a0durante sus 11 d\u00edas. Enconferenciade prensa, se present\u00f3 un\u00a0informe\u00a0preliminar respecto a los saldos logrados en la m\u00e1xima fiesta de los tabasque\u00f1os. El gobernador\u00a0Javier\u00a0May\u00a0Rodr\u00edguez agradeci\u00f3 la\u00a0civilidad\u00a0y\u00a0asistencia\u00a0de los ciudadanos que acudieron al recinto ferial. \u00abFueron 11 [&hellip;]<\/p>\n","protected":false},"author":1,"featured_media":2468,"comment_status":"open","ping_status":"open","sticky":false,"template":"","format":"standard","meta":{"footnotes":""},"categories":[4],"tags":[],"class_list":["post-2467","post","type-post","status-publish","format-standard","has-post-thumbnail","hentry","category-noticias"],"_links":{"self":[{"href":"https:\/\/trabucoradio.com\/home\/index.php?rest_route=\/wp\/v2\/posts\/2467","targetHints":{"allow":["GET"]}}],"collection":[{"href":"https:\/\/trabucoradio.com\/home\/index.php?rest_route=\/wp\/v2\/posts"}],"about":[{"href":"https:\/\/trabucoradio.com\/home\/index.php?rest_route=\/wp\/v2\/types\/post"}],"author":[{"embeddable":true,"href":"https:\/\/trabucoradio.com\/home\/index.php?rest_route=\/wp\/v2\/users\/1"}],"replies":[{"embeddable":true,"href":"https:\/\/trabucoradio.com\/home\/index.php?rest_route=%2Fwp%2Fv2%2Fcomments&post=2467"}],"version-history":[{"count":1,"href":"https:\/\/trabucoradio.com\/home\/index.php?rest_route=\/wp\/v2\/posts\/2467\/revisions"}],"predecessor-version":[{"id":2469,"href":"https:\/\/trabucoradio.com\/home\/index.php?rest_route=\/wp\/v2\/posts\/2467\/revisions\/2469"}],"wp:featuredmedia":[{"embeddable":true,"href":"https:\/\/trabucoradio.com\/home\/index.php?rest_route=\/wp\/v2\/media\/2468"}],"wp:attachment":[{"href":"https:\/\/trabucoradio.com\/home\/index.php?rest_route=%2Fwp%2Fv2%2Fmedia&parent=2467"}],"wp:term":[{"taxonomy":"category","embeddable":true,"href":"https:\/\/trabucoradio.com\/home\/index.php?rest_route=%2Fwp%2Fv2%2Fcategories&post=2467"},{"taxonomy":"post_tag","embeddable":true,"href":"https:\/\/trabucoradio.com\/home\/index.php?rest_route=%2Fwp%2Fv2%2Ftags&post=2467"}],"curies":[{"name":"wp","href":"https:\/\/api.w.org\/{rel}","templated":true}]}}