{"id":2463,"date":"2025-05-12T15:53:57","date_gmt":"2025-05-12T21:53:57","guid":{"rendered":"https:\/\/trabucoradio.com\/home\/?p=2463"},"modified":"2025-05-12T15:53:57","modified_gmt":"2025-05-12T21:53:57","slug":"violencia-y-narcocorridos-no-afectan-emocionalmente-a-ninos-y-jovenes-setab","status":"publish","type":"post","link":"https:\/\/trabucoradio.com\/home\/?p=2463","title":{"rendered":"VIOLENCIA Y NARCOCORRIDOS NO AFECTAN EMOCIONALMENTE A NI\u00d1OS Y J\u00d3VENES: SETAB"},"content":{"rendered":"<p>VIOLENCIA Y NARCOCORRIDOS NO AFECTAN EMOCIONALMENTE A NI\u00d1OS Y J\u00d3VENES: SETAB<\/p>\n<p>&nbsp;<\/p>\n<p>La Secretaria de Educaci\u00f3n, Patricia Iparrea S\u00e1nchez, asegur\u00f3 que el ambiente violento que se percibe actualmente en el Estado, as\u00ed como la influencia de la m\u00fasica, en particular los narcocorridos, no impactan en el estado de \u00e1nimo de los ni\u00f1os y j\u00f3venes tabasque\u00f1os, quienes contin\u00faan enfrentando problemas de ansiedad y depresi\u00f3n a su corta edad.<\/p>\n<p>De acuerdo con la funcionaria estatal estos temas no representar\u00edan la causa para los problemas\u00a0emocionales\u00a0que enfrentan algunos estudiantes de nivel b\u00e1sico y medio superior. \u201cNo creo, esos son temas que cada\u00a0familia\u00a0debe de tocar y cuidar\u201d, afirm\u00f3 Iparrea S\u00e1nchez, quien adem\u00e1s asegur\u00f3 que las cifras son bajas y est\u00e1n siendo atendidas.<\/p>\n<p>Asimismo, explic\u00f3 que la dependencia a su cargo trabaja en atender estos problemas, con el apoyo del \u00e1rea de psic\u00f3logos que acuden a las escuelas cuando los docentes reportan conductas fuera de lo normal en los estudiantes. Destac\u00f3 que se realiza un trabajo conjunto con los\u00a0padres\u00a0de familia para entender el contexto en el que viven los ni\u00f1os, se\u00f1alando que la ausencia de los padres por motivos laborales o din\u00e1micas familiares disfuncionales repercuten en su estado de \u00e1nimo.<\/p>\n<p>\u201cEmpezamos con la terapia porque tambi\u00e9n es mejor o m\u00e1s sano que los padres de familia se separen a que los ni\u00f1os est\u00e9n viendo la\u00a0violencia\u00a0f\u00edsica que existe en su entorno\u201d, coment\u00f3 la Secretaria de Educaci\u00f3n y agreg\u00f3 que actualmente se trabaja en las zonas consideradas como focos rojos en materia de salud emocional.<\/p>\n","protected":false},"excerpt":{"rendered":"<p>VIOLENCIA Y NARCOCORRIDOS NO AFECTAN EMOCIONALMENTE A NI\u00d1OS Y J\u00d3VENES: SETAB &nbsp; La Secretaria de Educaci\u00f3n, Patricia Iparrea S\u00e1nchez, asegur\u00f3 que el ambiente violento que se percibe actualmente en el Estado, as\u00ed como la influencia de la m\u00fasica, en particular los narcocorridos, no impactan en el estado de \u00e1nimo de los ni\u00f1os y j\u00f3venes tabasque\u00f1os, [&hellip;]<\/p>\n","protected":false},"author":1,"featured_media":2464,"comment_status":"open","ping_status":"open","sticky":false,"template":"","format":"standard","meta":{"footnotes":""},"categories":[4],"tags":[],"class_list":["post-2463","post","type-post","status-publish","format-standard","has-post-thumbnail","hentry","category-noticias"],"_links":{"self":[{"href":"https:\/\/trabucoradio.com\/home\/index.php?rest_route=\/wp\/v2\/posts\/2463","targetHints":{"allow":["GET"]}}],"collection":[{"href":"https:\/\/trabucoradio.com\/home\/index.php?rest_route=\/wp\/v2\/posts"}],"about":[{"href":"https:\/\/trabucoradio.com\/home\/index.php?rest_route=\/wp\/v2\/types\/post"}],"author":[{"embeddable":true,"href":"https:\/\/trabucoradio.com\/home\/index.php?rest_route=\/wp\/v2\/users\/1"}],"replies":[{"embeddable":true,"href":"https:\/\/trabucoradio.com\/home\/index.php?rest_route=%2Fwp%2Fv2%2Fcomments&post=2463"}],"version-history":[{"count":1,"href":"https:\/\/trabucoradio.com\/home\/index.php?rest_route=\/wp\/v2\/posts\/2463\/revisions"}],"predecessor-version":[{"id":2465,"href":"https:\/\/trabucoradio.com\/home\/index.php?rest_route=\/wp\/v2\/posts\/2463\/revisions\/2465"}],"wp:featuredmedia":[{"embeddable":true,"href":"https:\/\/trabucoradio.com\/home\/index.php?rest_route=\/wp\/v2\/media\/2464"}],"wp:attachment":[{"href":"https:\/\/trabucoradio.com\/home\/index.php?rest_route=%2Fwp%2Fv2%2Fmedia&parent=2463"}],"wp:term":[{"taxonomy":"category","embeddable":true,"href":"https:\/\/trabucoradio.com\/home\/index.php?rest_route=%2Fwp%2Fv2%2Fcategories&post=2463"},{"taxonomy":"post_tag","embeddable":true,"href":"https:\/\/trabucoradio.com\/home\/index.php?rest_route=%2Fwp%2Fv2%2Ftags&post=2463"}],"curies":[{"name":"wp","href":"https:\/\/api.w.org\/{rel}","templated":true}]}}