{"id":2460,"date":"2025-05-12T15:47:33","date_gmt":"2025-05-12T21:47:33","guid":{"rendered":"https:\/\/trabucoradio.com\/home\/?p=2460"},"modified":"2025-05-12T15:47:33","modified_gmt":"2025-05-12T21:47:33","slug":"mexico-invitara-al-papa-leon-xiv-rosa-icela-entregara-una-carta-en-el-vaticano","status":"publish","type":"post","link":"https:\/\/trabucoradio.com\/home\/?p=2460","title":{"rendered":"M\u00c9XICO INVITAR\u00c1 AL PAPA LE\u00d3N XIV; ROSA ICELA ENTREGAR\u00c1 UNA CARTA EN EL VATICANO"},"content":{"rendered":"<p>M\u00c9XICO INVITAR\u00c1 AL PAPA LE\u00d3N XIV; ROSA ICELA ENTREGAR\u00c1 UNA CARTA EN EL VATICANO<\/p>\n<p>&nbsp;<\/p>\n<p class=\"c-paragraph\">La presidenta de M\u00e9xico,\u00a0<a title=\"https:\/\/www.elfinanciero.com.mx\/nacional\/2025\/05\/09\/claudia-sheinbaum-mananera-temas-hoy-9-de-mayo-de-2025-en-vivo\/\" href=\"https:\/\/www.elfinanciero.com.mx\/nacional\/2025\/05\/09\/claudia-sheinbaum-mananera-temas-hoy-9-de-mayo-de-2025-en-vivo\/\" target=\"_blank\" rel=\"noopener noreferrer\">Claudia Sheinbaum, har\u00e1 una invitaci\u00f3n oficial a Le\u00f3n XIV,\u00a0 <\/a>\u00a0para que el nuevo papa visite M\u00e9xico, a trav\u00e9s de una carta que enviar\u00e1 con la secretaria de Gobernaci\u00f3n,<b>\u00a0Rosa Icela Rodr\u00edguez<\/b>, quien viajar\u00e1 al Vaticano a la misa de inicio del pontificado el pr\u00f3ximo domingo.<\/p>\n<p class=\"c-paragraph\">\u201cVa a ir la secretaria de Gobernaci\u00f3n, de ah\u00ed vamos a entregar una\u00a0carta al Vaticano, si lo puede ver (al Papa) personalmente muy bien y si no de todas maneras se va a entregar una carta para invitarlo a venir a M\u00e9xico ya en la fecha que \u00e9l considere oportuno\u201d, coment\u00f3 Claudia Sheinbaum en su conferencia de prensa matutina este 12 de mayo.<\/p>\n<div id=\"arcad-feature-f0ffmTzFzpuU8mf-1bac3a7c7527bc\" class=\"c-stack b-ads-block\" data-style-direction=\"vertical\" data-style-justification=\"start\" data-style-alignment=\"center\" data-style-inline=\"false\" data-style-wrap=\"nowrap\">\n<div class=\"ad_1x1\" data-testid=\"ad-block-unit-wrapper\">\n<div id=\"arcad_f0ffmTzFzpuU8mf-1bac3a7c7527bc\" data-google-query-id=\"CIzGtPzyno0DFfmEpgQdFxwJNA\">\n<div id=\"google_ads_iframe_\/77835600\/ElFinanciero__internas\/inread_oop_0__container__\"><a title=\"https:\/\/www.elfinanciero.com.mx\/mundo\/2025\/05\/08\/humo-blanco-habemus-papam-quien-es-el-nuevo-papa-y-sucesor-de-francisco-como-lider-de-la-iglesia\/\" href=\"https:\/\/www.elfinanciero.com.mx\/mundo\/2025\/05\/08\/humo-blanco-habemus-papam-quien-es-el-nuevo-papa-y-sucesor-de-francisco-como-lider-de-la-iglesia\/\" target=\"_blank\" rel=\"noopener noreferrer\">Robert Prevost fue electo como papa<\/a> y tom\u00f3 el nombre de\u00a0 Le\u00f3n XIV tras el C\u00f3nclave en el Vaticano que concluy\u00f3 el pasado 8 de mayo, tras la muerte de Francisco el 21 de abril.<\/div>\n<\/div>\n<div>La misa de inicio de pontificado se realizar\u00e1 el domingo 18 de mayo y es previsible que acudan jefes de Estado o de Gobierno, y en la que se espera que haya unas 250 mil personas para presenciar este evento.<\/div>\n<\/div>\n<div>\n<p class=\"c-paragraph\">Luego de la elecci\u00f3n del Papa Le\u00f3n XIV, Sheinbaum Pardo lo felicit\u00f3 en un breve mensaje en redes sociales.<\/p>\n<p class=\"c-paragraph\">En su conferencia del 9 de mayo, Sheinbaum destac\u00f3 que invitar\u00eda pronto a Prevost para que visitara M\u00e9xico.<\/p>\n<\/div>\n<p>\u201cEs un l\u00edder de la Iglesia Cat\u00f3lica, jefe de Estado Vaticano, que tambi\u00e9n tiene una orientaci\u00f3n por los pobres y eso es muy bueno porque va a estar atento a las necesidades de quien menos tiene y al mismo tiempo la construcci\u00f3n de la paz y la prosperidad en el mundo, el que un l\u00edder de la Iglesia Cat\u00f3lica tenga esta perspectiva siempre es respetado, independientemente de su orientaci\u00f3n, pero por su historia creemos que en cierta forma va a seguir un legado que deja el Papa Francisco\u201d, declar\u00f3 en ese momento.<\/p>\n<\/div>\n<p class=\"c-paragraph\">El papa Francisco nombr\u00f3 a\u00a0<a title=\"https:\/\/www.elfinanciero.com.mx\/mundo\/2025\/05\/11\/celebran-al-papa-peruano-ofician-misa-de-gracias-por-trabajos-de-leon-xiv-como-obispo-de-chiclayo\/\" href=\"https:\/\/www.elfinanciero.com.mx\/mundo\/2025\/05\/11\/celebran-al-papa-peruano-ofician-misa-de-gracias-por-trabajos-de-leon-xiv-como-obispo-de-chiclayo\/\" target=\"_blank\" rel=\"noopener noreferrer\">Prevost como obispo de la di\u00f3cesis de Chiclayo, en Per\u00fa<\/a>. Prevost fue elegido en 2018 como vicepresidente de la Conferencia Episcopal peruana. En tanto, en 2023 el papa Francisco lo llam\u00f3 a Roma para nombrarlo como prefecto del Dicasterio para los Obispos y presidente de la Pontificia Comisi\u00f3n para Am\u00e9rica Latina.<\/p>\n<p class=\"c-paragraph\">M\u00e9xico es el segundo pa\u00eds con m\u00e1s cat\u00f3licos del mundo, con unos 111 millones, solo detr\u00e1s de Brasil con unos 170 millones.<\/p>\n","protected":false},"excerpt":{"rendered":"<p>M\u00c9XICO INVITAR\u00c1 AL PAPA LE\u00d3N XIV; ROSA ICELA ENTREGAR\u00c1 UNA CARTA EN EL VATICANO &nbsp; La presidenta de M\u00e9xico,\u00a0Claudia Sheinbaum, har\u00e1 una invitaci\u00f3n oficial a Le\u00f3n XIV,\u00a0 \u00a0para que el nuevo papa visite M\u00e9xico, a trav\u00e9s de una carta que enviar\u00e1 con la secretaria de Gobernaci\u00f3n,\u00a0Rosa Icela Rodr\u00edguez, quien viajar\u00e1 al Vaticano a la misa [&hellip;]<\/p>\n","protected":false},"author":1,"featured_media":2461,"comment_status":"open","ping_status":"open","sticky":false,"template":"","format":"standard","meta":{"footnotes":""},"categories":[4],"tags":[],"class_list":["post-2460","post","type-post","status-publish","format-standard","has-post-thumbnail","hentry","category-noticias"],"_links":{"self":[{"href":"https:\/\/trabucoradio.com\/home\/index.php?rest_route=\/wp\/v2\/posts\/2460","targetHints":{"allow":["GET"]}}],"collection":[{"href":"https:\/\/trabucoradio.com\/home\/index.php?rest_route=\/wp\/v2\/posts"}],"about":[{"href":"https:\/\/trabucoradio.com\/home\/index.php?rest_route=\/wp\/v2\/types\/post"}],"author":[{"embeddable":true,"href":"https:\/\/trabucoradio.com\/home\/index.php?rest_route=\/wp\/v2\/users\/1"}],"replies":[{"embeddable":true,"href":"https:\/\/trabucoradio.com\/home\/index.php?rest_route=%2Fwp%2Fv2%2Fcomments&post=2460"}],"version-history":[{"count":1,"href":"https:\/\/trabucoradio.com\/home\/index.php?rest_route=\/wp\/v2\/posts\/2460\/revisions"}],"predecessor-version":[{"id":2462,"href":"https:\/\/trabucoradio.com\/home\/index.php?rest_route=\/wp\/v2\/posts\/2460\/revisions\/2462"}],"wp:featuredmedia":[{"embeddable":true,"href":"https:\/\/trabucoradio.com\/home\/index.php?rest_route=\/wp\/v2\/media\/2461"}],"wp:attachment":[{"href":"https:\/\/trabucoradio.com\/home\/index.php?rest_route=%2Fwp%2Fv2%2Fmedia&parent=2460"}],"wp:term":[{"taxonomy":"category","embeddable":true,"href":"https:\/\/trabucoradio.com\/home\/index.php?rest_route=%2Fwp%2Fv2%2Fcategories&post=2460"},{"taxonomy":"post_tag","embeddable":true,"href":"https:\/\/trabucoradio.com\/home\/index.php?rest_route=%2Fwp%2Fv2%2Ftags&post=2460"}],"curies":[{"name":"wp","href":"https:\/\/api.w.org\/{rel}","templated":true}]}}