{"id":2457,"date":"2025-05-12T15:41:10","date_gmt":"2025-05-12T21:41:10","guid":{"rendered":"https:\/\/trabucoradio.com\/home\/?p=2457"},"modified":"2025-05-12T15:41:10","modified_gmt":"2025-05-12T21:41:10","slug":"ultiman-a-yesenia-lara-candidata-de-morena-a-alcaldia-de-texistepec-veracruz","status":"publish","type":"post","link":"https:\/\/trabucoradio.com\/home\/?p=2457","title":{"rendered":"ULTIMAN A YESENIA LARA, CANDIDATA DE MORENA A ALCALD\u00cdA DE TEXISTEPEC, VERACRUZ"},"content":{"rendered":"<div class=\"xdj266r x11i5rnm xat24cr x1mh8g0r x1vvkbs x126k92a\">\n<div dir=\"auto\">ULTIMAN A YESENIA LARA, CANDIDATA DE MORENA A ALCALD\u00cdA DE TEXISTEPEC, VERACRUZ<\/div>\n<div dir=\"auto\"><\/div>\n<\/div>\n<div class=\"x11i5rnm xat24cr x1mh8g0r x1vvkbs xtlvy1s x126k92a\">\n<div dir=\"auto\">La candidata Yesenia Lara Guti\u00e9rrez por Movimiento de Regeneraci\u00f3n Nacional (Morena) para la alcald\u00eda de Texistepec, Veracruz, fue asesinada tras un ataque armado mientras encabezaba un mitin; adem\u00e1s tres personas m\u00e1s murieron y otras tres resultaron herdidas, inform\u00f3 Roc\u00edo Nahle, gobernadora de Veracruz.<\/div>\n<div dir=\"auto\"><\/div>\n<\/div>\n<div class=\"x11i5rnm xat24cr x1mh8g0r x1vvkbs xtlvy1s x126k92a\">\n<div dir=\"auto\">Por medio de redes sociales, Nahle conden\u00f3 los asesinatos e instruy\u00f3 a la Fiscal\u00eda General y a la Secretar\u00eda de Seguridad estatal detener a los responsables de este suceso.<\/div>\n<div dir=\"auto\"><\/div>\n<\/div>\n<div class=\"x11i5rnm xat24cr x1mh8g0r x1vvkbs xtlvy1s x126k92a\">\n<div dir=\"auto\">\u00abNing\u00fan cargo o puesto vale la vida de una persona. Vamos a dar con los responsables de este cobarde asesinato a la candidata y simpatizantes de morena en Texistepec; 4 personas fallecidas y 3 heridos. He instruido a la @FGE_Veracruz y a (la Secretar\u00eda de) Seguridad no parar hasta encontrarlos\u00bb, escribi\u00f3.<\/div>\n<div dir=\"auto\"><\/div>\n<\/div>\n<div class=\"x11i5rnm xat24cr x1mh8g0r x1vvkbs xtlvy1s x126k92a\">\n<div dir=\"auto\">Cabe mencionar que previo a que se reportara dicho suceso, la morenista comparti\u00f3 un Facebook live de su mitin, en el que cientos de simpatizantes salieron a las calles para mostrarle su apoyo de cara a la elecci\u00f3n en la que se disputar\u00eda la alcald\u00eda. Sin embargo, al finalizar el video se alcanzan a escuchar detonaciones de fuego.<\/div>\n<\/div>\n","protected":false},"excerpt":{"rendered":"<p>ULTIMAN A YESENIA LARA, CANDIDATA DE MORENA A ALCALD\u00cdA DE TEXISTEPEC, VERACRUZ La candidata Yesenia Lara Guti\u00e9rrez por Movimiento de Regeneraci\u00f3n Nacional (Morena) para la alcald\u00eda de Texistepec, Veracruz, fue asesinada tras un ataque armado mientras encabezaba un mitin; adem\u00e1s tres personas m\u00e1s murieron y otras tres resultaron herdidas, inform\u00f3 Roc\u00edo Nahle, gobernadora de Veracruz. [&hellip;]<\/p>\n","protected":false},"author":1,"featured_media":2458,"comment_status":"open","ping_status":"open","sticky":false,"template":"","format":"standard","meta":{"footnotes":""},"categories":[4],"tags":[],"class_list":["post-2457","post","type-post","status-publish","format-standard","has-post-thumbnail","hentry","category-noticias"],"_links":{"self":[{"href":"https:\/\/trabucoradio.com\/home\/index.php?rest_route=\/wp\/v2\/posts\/2457","targetHints":{"allow":["GET"]}}],"collection":[{"href":"https:\/\/trabucoradio.com\/home\/index.php?rest_route=\/wp\/v2\/posts"}],"about":[{"href":"https:\/\/trabucoradio.com\/home\/index.php?rest_route=\/wp\/v2\/types\/post"}],"author":[{"embeddable":true,"href":"https:\/\/trabucoradio.com\/home\/index.php?rest_route=\/wp\/v2\/users\/1"}],"replies":[{"embeddable":true,"href":"https:\/\/trabucoradio.com\/home\/index.php?rest_route=%2Fwp%2Fv2%2Fcomments&post=2457"}],"version-history":[{"count":1,"href":"https:\/\/trabucoradio.com\/home\/index.php?rest_route=\/wp\/v2\/posts\/2457\/revisions"}],"predecessor-version":[{"id":2459,"href":"https:\/\/trabucoradio.com\/home\/index.php?rest_route=\/wp\/v2\/posts\/2457\/revisions\/2459"}],"wp:featuredmedia":[{"embeddable":true,"href":"https:\/\/trabucoradio.com\/home\/index.php?rest_route=\/wp\/v2\/media\/2458"}],"wp:attachment":[{"href":"https:\/\/trabucoradio.com\/home\/index.php?rest_route=%2Fwp%2Fv2%2Fmedia&parent=2457"}],"wp:term":[{"taxonomy":"category","embeddable":true,"href":"https:\/\/trabucoradio.com\/home\/index.php?rest_route=%2Fwp%2Fv2%2Fcategories&post=2457"},{"taxonomy":"post_tag","embeddable":true,"href":"https:\/\/trabucoradio.com\/home\/index.php?rest_route=%2Fwp%2Fv2%2Ftags&post=2457"}],"curies":[{"name":"wp","href":"https:\/\/api.w.org\/{rel}","templated":true}]}}