{"id":2454,"date":"2025-05-12T15:35:24","date_gmt":"2025-05-12T21:35:24","guid":{"rendered":"https:\/\/trabucoradio.com\/home\/?p=2454"},"modified":"2025-05-12T15:35:24","modified_gmt":"2025-05-12T21:35:24","slug":"incrementa-el-costo-de-las-consultas-medicas-en-mexico","status":"publish","type":"post","link":"https:\/\/trabucoradio.com\/home\/?p=2454","title":{"rendered":"INCREMENTA EL COSTO DE LAS CONSULTAS M\u00c9DICAS EN M\u00c9XICO"},"content":{"rendered":"<p>INCREMENTA EL COSTO DE LAS CONSULTAS M\u00c9DICAS EN M\u00c9XICO<\/p>\n<p>&nbsp;<\/p>\n<p>&nbsp;<\/p>\n<p>De acuerdo a reportes de medios nacionales, los consultorios m\u00e9dicos privados\u00a0aumentaron el costo de sus servicios\u00a0ante los problemas que se registran en el servicio p\u00fablico para dar\u00a0<strong>a<\/strong>tenci\u00f3n a la demanda.<\/p>\n<p>En un monitoreo que se hizo en 55 ciudades de M\u00e9xico, cifras del Instituto Nacional de Estad\u00edstica y Geograf\u00eda (INEGI) revelan que el precio de las consultas m\u00e9dicas tuvo un aumento del 6.1 por ciento durante el mes de abril de este 2025, lo que se considera el mayor alza en m\u00e1s de 21 a\u00f1os.<\/p>\n<p>En estos servicios se incluyen las consultas con el m\u00e9dico general, especialista, para el control de peso, monitoreo del embarazo, entre otros.<\/p>\n<p>Seg\u00fan los datos analizados del INEGI, desde el mes de julio, las consultas m\u00e9dicashan subido m\u00e1s r\u00e1pido que la inflaci\u00f3n general,\u00a0cuya tasa fue de 3.9 por ciento durante el mes pasado.<\/p>\n<p>Actualmente, hay varios factores que impulsan los costos de las consultas por encima de la inflaci\u00f3n, y el principal se relaciona con el debilitamiento del sistema p\u00fablico a lo largo de los \u00faltimos a\u00f1os, se\u00f1al\u00f3 Luis Fernando Hern\u00e1ndez Lezama, presidente del Comit\u00e9 T\u00e9cnico de Soy Paciente, asociaci\u00f3n civil que busca hacer conciencia sobre la importancia del fortalecimiento del sector salud.<\/p>\n<p>\u201cEs algo preocupante que la salud se vuelva un negocio. Por eso vemos que mientras haya mayor demanda de servicios, m\u00e1s aumentan los precios. As\u00ed, bajo la l\u00f3gica del negocio y el descuido del sector p\u00fablico, vemos que los precios responden cada vez m\u00e1s a los precios internacionales de medicamentos y equipos m\u00e9dicos\u201d, agreg\u00f3.<\/p>\n","protected":false},"excerpt":{"rendered":"<p>INCREMENTA EL COSTO DE LAS CONSULTAS M\u00c9DICAS EN M\u00c9XICO &nbsp; &nbsp; De acuerdo a reportes de medios nacionales, los consultorios m\u00e9dicos privados\u00a0aumentaron el costo de sus servicios\u00a0ante los problemas que se registran en el servicio p\u00fablico para dar\u00a0atenci\u00f3n a la demanda. En un monitoreo que se hizo en 55 ciudades de M\u00e9xico, cifras del Instituto [&hellip;]<\/p>\n","protected":false},"author":1,"featured_media":2455,"comment_status":"open","ping_status":"open","sticky":false,"template":"","format":"standard","meta":{"footnotes":""},"categories":[4],"tags":[],"class_list":["post-2454","post","type-post","status-publish","format-standard","has-post-thumbnail","hentry","category-noticias"],"_links":{"self":[{"href":"https:\/\/trabucoradio.com\/home\/index.php?rest_route=\/wp\/v2\/posts\/2454","targetHints":{"allow":["GET"]}}],"collection":[{"href":"https:\/\/trabucoradio.com\/home\/index.php?rest_route=\/wp\/v2\/posts"}],"about":[{"href":"https:\/\/trabucoradio.com\/home\/index.php?rest_route=\/wp\/v2\/types\/post"}],"author":[{"embeddable":true,"href":"https:\/\/trabucoradio.com\/home\/index.php?rest_route=\/wp\/v2\/users\/1"}],"replies":[{"embeddable":true,"href":"https:\/\/trabucoradio.com\/home\/index.php?rest_route=%2Fwp%2Fv2%2Fcomments&post=2454"}],"version-history":[{"count":1,"href":"https:\/\/trabucoradio.com\/home\/index.php?rest_route=\/wp\/v2\/posts\/2454\/revisions"}],"predecessor-version":[{"id":2456,"href":"https:\/\/trabucoradio.com\/home\/index.php?rest_route=\/wp\/v2\/posts\/2454\/revisions\/2456"}],"wp:featuredmedia":[{"embeddable":true,"href":"https:\/\/trabucoradio.com\/home\/index.php?rest_route=\/wp\/v2\/media\/2455"}],"wp:attachment":[{"href":"https:\/\/trabucoradio.com\/home\/index.php?rest_route=%2Fwp%2Fv2%2Fmedia&parent=2454"}],"wp:term":[{"taxonomy":"category","embeddable":true,"href":"https:\/\/trabucoradio.com\/home\/index.php?rest_route=%2Fwp%2Fv2%2Fcategories&post=2454"},{"taxonomy":"post_tag","embeddable":true,"href":"https:\/\/trabucoradio.com\/home\/index.php?rest_route=%2Fwp%2Fv2%2Ftags&post=2454"}],"curies":[{"name":"wp","href":"https:\/\/api.w.org\/{rel}","templated":true}]}}