{"id":2445,"date":"2025-05-12T15:20:51","date_gmt":"2025-05-12T21:20:51","guid":{"rendered":"https:\/\/trabucoradio.com\/home\/?p=2445"},"modified":"2025-05-12T15:20:51","modified_gmt":"2025-05-12T21:20:51","slug":"termino-la-feria-del-pueblo-dice-adios-tras-11-dias-de-musica-arte-tradiciones-y-mucha-algarabia","status":"publish","type":"post","link":"https:\/\/trabucoradio.com\/home\/?p=2445","title":{"rendered":"TERMIN\u00d3 LA FERIA DEL PUEBLO, DICE ADI\u00d3S TRAS 11 D\u00cdAS DE M\u00daSICA, ARTE, TRADICIONES Y MUCHA ALGARABIA"},"content":{"rendered":"<div class=\"xdj266r x11i5rnm xat24cr x1mh8g0r x1vvkbs x126k92a\">\n<div dir=\"auto\">TERMIN\u00d3 LA FERIA DEL PUEBLO, DICE ADI\u00d3S TRAS 11 D\u00cdAS DE M\u00daSICA, ARTE, TRADICIONES Y MUCHA ALGARABIA<\/div>\n<div dir=\"auto\"><\/div>\n<div dir=\"auto\"><\/div>\n<div dir=\"auto\">\u00a0El Gobernador Javier May Rodr\u00edguez encabez\u00f3 la ceremonia de clausura de la Feria Tabasco 2025, en medio de un espect\u00e1culo de juegos pirot\u00e9cnicos y drones<\/div>\n<\/div>\n<div class=\"x11i5rnm xat24cr x1mh8g0r x1vvkbs xtlvy1s x126k92a\">\n<div dir=\"auto\">Tras 11 d\u00edas de m\u00fasica, arte, gastronom\u00eda, saberes ancestrales, de manifestaciones vivas de nuestras ra\u00edces, y de mucha diversi\u00f3n y alegr\u00eda en familia, la edici\u00f3n 2025 de la Feria Tabasco dijo adi\u00f3s, en una ceremonia de clausura encabezada por el Gobernador Javier May Rodr\u00edguez, durante la que se remarc\u00f3 al Tabasco contempor\u00e1neo y tradicional.<\/div>\n<div dir=\"auto\"><\/div>\n<\/div>\n<div class=\"x11i5rnm xat24cr x1mh8g0r x1vvkbs xtlvy1s x126k92a\">\n<div dir=\"auto\">Desde el Foro &#8216;La Cultural&#8217;, donde todas las tardes de algarab\u00eda las y los tabasque\u00f1os reafirmaron su identidad, unidad y compromiso con la transformaci\u00f3n, junto a la Flor Tabasco 2025, Mar\u00eda Fernanda Palma Miramontes, y las 16 embajadoras que pusieron en alto a sus municipios, el mandatario estatal devel\u00f3 la placa conmemorativa de la &#8216;Fiesta del Pueblo&#8217;.<\/div>\n<div dir=\"auto\"><\/div>\n<\/div>\n<div class=\"x11i5rnm xat24cr x1mh8g0r x1vvkbs xtlvy1s x126k92a\">\n<div dir=\"auto\">Este acto que marc\u00f3 oficialmente el final de la m\u00e1xima festividad estatal, dej\u00f3 inscrito para la posteridad el nombre de cada una de las exponentes de la belleza tropical, mismas que, en representaci\u00f3n del pueblo y en medio de una lluvia de mariposas blancas, soltaron globos que se elevaron al cielo como un mensaje de paz, unidad y de la felicidad que distingue a los hombres y las mujeres del Ed\u00e9n del sureste.<\/div>\n<div dir=\"auto\"><\/div>\n<\/div>\n<div class=\"x11i5rnm xat24cr x1mh8g0r x1vvkbs xtlvy1s x126k92a\">\n<div dir=\"auto\">Entre m\u00fasica, baile y mucha hermandad, el jefe del Ejecutivo tambi\u00e9n entreg\u00f3 los premios a los artesanos ganadores del concurso de carros aleg\u00f3ricos: Lucio Hern\u00e1ndez recibi\u00f3 su recompensa de 200 mil pesos, por ser el primer lugar con el municipio de Jalpa de M\u00e9ndez; Jorge Enrique Oyosa Ortiz se hizo acreedor a 100 mil pesos, por el segundo lugar con su representaci\u00f3n de Para\u00edso; y Miguel S\u00e1nchez Z\u00fa\u00f1iga se llev\u00f3 50 mil pesos, por la creaci\u00f3n de la alegor\u00eda que mostr\u00f3 la riqueza cultural de Nacajuca.<\/div>\n<div dir=\"auto\"><\/div>\n<\/div>\n<div class=\"x11i5rnm xat24cr x1mh8g0r x1vvkbs xtlvy1s x126k92a\">\n<div dir=\"auto\">Ante la multitud que disfrut\u00f3 de la \u00faltima tarde cultural en el teatro al aire libre del Parque Tabasco \u201cDora Mar\u00eda\u201d, el Gobernador entreg\u00f3 reconocimientos a Itzel Ramos y Denise Reyes, dos cantantes tabasque\u00f1as que alegraron al p\u00fablico durante todas las tardes culturales; as\u00ed como al Grupo de Danza Contempor\u00e1nea Colectivo N\u00f3mada, a la compa\u00f1\u00eda Son Ac\u00fastico, y a las Creadoras de la J\u00edcara con las que se premi\u00f3 a los ciudadanos distinguidos de los municipios: Ana Murillo Collado y Estefani L\u00f3pez Guti\u00e9rrez.<\/div>\n<div dir=\"auto\"><\/div>\n<\/div>\n<div class=\"x11i5rnm xat24cr x1mh8g0r x1vvkbs xtlvy1s x126k92a\">\n<div dir=\"auto\">La ceremonia en la que estuvieron los presidentes del Poder Judicial, Carlos Efra\u00edn Res\u00e9ndez Bocanegra, y de la Junta de Coordinaci\u00f3n Pol\u00edtica del Congreso del Estado, Jorge Bracamonte Hern\u00e1ndez, concluy\u00f3 con espectaculares juegos pirot\u00e9cnicos y un sorprendente show de drones que ilumin\u00f3 la noche con un \u201cnos vemos en 2026\u201d.<\/div>\n<div dir=\"auto\"><\/div>\n<\/div>\n<div class=\"x11i5rnm xat24cr x1mh8g0r x1vvkbs xtlvy1s x126k92a\">\n<div dir=\"auto\">Atestiguaron las secretarias de Turismo y Desarrollo Econ\u00f3mico, Katia Ornelas Gil; de Cultura, A\u00edda Elba Castillo Santiago; de Desarrollo Agropecuario y Pesca, Luisa del Carmen C\u00e1mara Cabrales, entre otros servidores p\u00fablicos.<\/div>\n<\/div>\n","protected":false},"excerpt":{"rendered":"<p>TERMIN\u00d3 LA FERIA DEL PUEBLO, DICE ADI\u00d3S TRAS 11 D\u00cdAS DE M\u00daSICA, ARTE, TRADICIONES Y MUCHA ALGARABIA \u00a0El Gobernador Javier May Rodr\u00edguez encabez\u00f3 la ceremonia de clausura de la Feria Tabasco 2025, en medio de un espect\u00e1culo de juegos pirot\u00e9cnicos y drones Tras 11 d\u00edas de m\u00fasica, arte, gastronom\u00eda, saberes ancestrales, de manifestaciones vivas de [&hellip;]<\/p>\n","protected":false},"author":1,"featured_media":2446,"comment_status":"open","ping_status":"open","sticky":false,"template":"","format":"standard","meta":{"footnotes":""},"categories":[4],"tags":[],"class_list":["post-2445","post","type-post","status-publish","format-standard","has-post-thumbnail","hentry","category-noticias"],"_links":{"self":[{"href":"https:\/\/trabucoradio.com\/home\/index.php?rest_route=\/wp\/v2\/posts\/2445","targetHints":{"allow":["GET"]}}],"collection":[{"href":"https:\/\/trabucoradio.com\/home\/index.php?rest_route=\/wp\/v2\/posts"}],"about":[{"href":"https:\/\/trabucoradio.com\/home\/index.php?rest_route=\/wp\/v2\/types\/post"}],"author":[{"embeddable":true,"href":"https:\/\/trabucoradio.com\/home\/index.php?rest_route=\/wp\/v2\/users\/1"}],"replies":[{"embeddable":true,"href":"https:\/\/trabucoradio.com\/home\/index.php?rest_route=%2Fwp%2Fv2%2Fcomments&post=2445"}],"version-history":[{"count":1,"href":"https:\/\/trabucoradio.com\/home\/index.php?rest_route=\/wp\/v2\/posts\/2445\/revisions"}],"predecessor-version":[{"id":2447,"href":"https:\/\/trabucoradio.com\/home\/index.php?rest_route=\/wp\/v2\/posts\/2445\/revisions\/2447"}],"wp:featuredmedia":[{"embeddable":true,"href":"https:\/\/trabucoradio.com\/home\/index.php?rest_route=\/wp\/v2\/media\/2446"}],"wp:attachment":[{"href":"https:\/\/trabucoradio.com\/home\/index.php?rest_route=%2Fwp%2Fv2%2Fmedia&parent=2445"}],"wp:term":[{"taxonomy":"category","embeddable":true,"href":"https:\/\/trabucoradio.com\/home\/index.php?rest_route=%2Fwp%2Fv2%2Fcategories&post=2445"},{"taxonomy":"post_tag","embeddable":true,"href":"https:\/\/trabucoradio.com\/home\/index.php?rest_route=%2Fwp%2Fv2%2Ftags&post=2445"}],"curies":[{"name":"wp","href":"https:\/\/api.w.org\/{rel}","templated":true}]}}