{"id":2439,"date":"2025-05-12T15:15:29","date_gmt":"2025-05-12T21:15:29","guid":{"rendered":"https:\/\/trabucoradio.com\/home\/?p=2439"},"modified":"2025-05-12T15:15:29","modified_gmt":"2025-05-12T21:15:29","slug":"no-debe-haber-represion-sheinbaum-sobre-caso-estudiantil-en-balancan","status":"publish","type":"post","link":"https:\/\/trabucoradio.com\/home\/?p=2439","title":{"rendered":"\u00abNO DEBE HABER REPRESI\u00d3N\u00bb: SHEINBAUM SOBRE CASO ESTUDIANTIL EN BALANC\u00c1N"},"content":{"rendered":"<div class=\"xdj266r x11i5rnm xat24cr x1mh8g0r x1vvkbs x126k92a\">\n<div dir=\"auto\">\n<div class=\"xdj266r x11i5rnm xat24cr x1mh8g0r x1vvkbs x126k92a\">\n<div dir=\"auto\">\u00abNO DEBE HABER REPRESI\u00d3N\u00bb: SHEINBAUM SOBRE CASO ESTUDIANTIL EN BALANC\u00c1N<\/div>\n<div dir=\"auto\"><\/div>\n<\/div>\n<div class=\"x11i5rnm xat24cr x1mh8g0r x1vvkbs xtlvy1s x126k92a\">\n<div dir=\"auto\">Tras ser cuestionada sobre su opini\u00f3n acerca de lo ocurrido el pasado 7 de mayo en Balanc\u00e1n Tabasco cuando elementos de seguridad desalojaron un movimiento estudiantil en el Tecnol\u00f3gico de los R\u00edos, la presidenta\u00a0 Claudia Sheinbaum Pardo dijo que no debe \u00abhaber represi\u00f3n.<\/div>\n<div dir=\"auto\"><\/div>\n<\/div>\n<div class=\"x11i5rnm xat24cr x1mh8g0r x1vvkbs xtlvy1s x126k92a\">\n<div dir=\"auto\">Durante la &#8216;ma\u00f1anera del pueblo&#8217;, la mandataria federal asegur\u00f3 respecto al tema que el gobernador <span class=\"html-span xdj266r x11i5rnm xat24cr x1mh8g0r xexx8yu x4uap5 x18d9i69 xkhd6sd x1hl2dhg x16tdsg8 x1vvkbs\"><a class=\"x1i10hfl xjbqb8w x1ejq31n xd10rxx x1sy0etr x17r0tee x972fbf xcfux6l x1qhh985 xm0m39n x9f619 x1ypdohk xt0psk2 xe8uvvx xdj266r x11i5rnm xat24cr x1mh8g0r xexx8yu x4uap5 x18d9i69 xkhd6sd x16tdsg8 x1hl2dhg xggy1nq x1a2a7pz xkrqix3 x1sur9pj x1fey0fg x1s688f\" tabindex=\"0\" role=\"link\" href=\"https:\/\/www.facebook.com\/TabascoJavier?__cft__[0]=AZXcC2x3JT4EFxrgnu-zf59qWJjxOPFKfjrYcT-w9QyKjEN0V7vQoeqiFmMwkxohQ223FFyWV47PnU0dGoC2xJD4LwjPd2W8gZt4EBNJlAsNoct7PVPJxPf3UlmbrONb6VeZoijTH57p8Wcd0MiVhTi7a8118JK8ilb_qsYOw0Gd_XS5u7NOEnLqTiaPGn91q2CZPHzJRNlf9GPtanQtg5o1&amp;__tn__=-]K-R\"><span class=\"xt0psk2\"><span class=\"xjp7ctv\">Javier May Rodr\u00edguez<\/span><\/span><\/a><\/span> esta \u00abtomando cartas en el asunto\u00bb y enfatiz\u00f3 que a veces ocurre que es \u00abdecisi\u00f3n de un mando policial, no del gobernador\u00bb.<\/div>\n<div dir=\"auto\"><\/div>\n<\/div>\n<div class=\"x11i5rnm xat24cr x1mh8g0r x1vvkbs xtlvy1s x126k92a\">\n<div dir=\"auto\">Ante ello aprovecho para destacar el trabajo de May Rodr\u00edguez y dijo que el mandatario \u00abya est\u00e1 en di\u00e1logo para que esto no se repita\u00bb.<\/div>\n<\/div>\n<\/div>\n<\/div>\n","protected":false},"excerpt":{"rendered":"<p>\u00abNO DEBE HABER REPRESI\u00d3N\u00bb: SHEINBAUM SOBRE CASO ESTUDIANTIL EN BALANC\u00c1N Tras ser cuestionada sobre su opini\u00f3n acerca de lo ocurrido el pasado 7 de mayo en Balanc\u00e1n Tabasco cuando elementos de seguridad desalojaron un movimiento estudiantil en el Tecnol\u00f3gico de los R\u00edos, la presidenta\u00a0 Claudia Sheinbaum Pardo dijo que no debe \u00abhaber represi\u00f3n. Durante la [&hellip;]<\/p>\n","protected":false},"author":1,"featured_media":2440,"comment_status":"open","ping_status":"open","sticky":false,"template":"","format":"standard","meta":{"footnotes":""},"categories":[3],"tags":[],"class_list":["post-2439","post","type-post","status-publish","format-standard","has-post-thumbnail","hentry","category-politica"],"_links":{"self":[{"href":"https:\/\/trabucoradio.com\/home\/index.php?rest_route=\/wp\/v2\/posts\/2439","targetHints":{"allow":["GET"]}}],"collection":[{"href":"https:\/\/trabucoradio.com\/home\/index.php?rest_route=\/wp\/v2\/posts"}],"about":[{"href":"https:\/\/trabucoradio.com\/home\/index.php?rest_route=\/wp\/v2\/types\/post"}],"author":[{"embeddable":true,"href":"https:\/\/trabucoradio.com\/home\/index.php?rest_route=\/wp\/v2\/users\/1"}],"replies":[{"embeddable":true,"href":"https:\/\/trabucoradio.com\/home\/index.php?rest_route=%2Fwp%2Fv2%2Fcomments&post=2439"}],"version-history":[{"count":1,"href":"https:\/\/trabucoradio.com\/home\/index.php?rest_route=\/wp\/v2\/posts\/2439\/revisions"}],"predecessor-version":[{"id":2441,"href":"https:\/\/trabucoradio.com\/home\/index.php?rest_route=\/wp\/v2\/posts\/2439\/revisions\/2441"}],"wp:featuredmedia":[{"embeddable":true,"href":"https:\/\/trabucoradio.com\/home\/index.php?rest_route=\/wp\/v2\/media\/2440"}],"wp:attachment":[{"href":"https:\/\/trabucoradio.com\/home\/index.php?rest_route=%2Fwp%2Fv2%2Fmedia&parent=2439"}],"wp:term":[{"taxonomy":"category","embeddable":true,"href":"https:\/\/trabucoradio.com\/home\/index.php?rest_route=%2Fwp%2Fv2%2Fcategories&post=2439"},{"taxonomy":"post_tag","embeddable":true,"href":"https:\/\/trabucoradio.com\/home\/index.php?rest_route=%2Fwp%2Fv2%2Ftags&post=2439"}],"curies":[{"name":"wp","href":"https:\/\/api.w.org\/{rel}","templated":true}]}}