{"id":2436,"date":"2025-05-10T10:00:35","date_gmt":"2025-05-10T16:00:35","guid":{"rendered":"https:\/\/trabucoradio.com\/home\/?p=2436"},"modified":"2025-05-10T10:00:35","modified_gmt":"2025-05-10T16:00:35","slug":"miles-de-madres-son-homenajeadas-en-emotiva-celebracion-encabezada-por-la-alcaldesa-mari-luz-velazquez-jimenez","status":"publish","type":"post","link":"https:\/\/trabucoradio.com\/home\/?p=2436","title":{"rendered":"MILES DE MADRES SON HOMENAJEADAS EN EMOTIVA CELEBRACI\u00d3N ENCABEZADA POR LA ALCALDESA MARI LUZ VEL\u00c1ZQUEZ JIM\u00c9NEZ"},"content":{"rendered":"<div class=\"xdj266r x11i5rnm xat24cr x1mh8g0r x1vvkbs x126k92a\">\n<div dir=\"auto\">MILES DE MADRES SON HOMENAJEADAS EN EMOTIVA CELEBRACI\u00d3N ENCABEZADA POR LA ALCALDESA MARI LUZ VEL\u00c1ZQUEZ JIM\u00c9NEZ<\/div>\n<div dir=\"auto\"><\/div>\n<\/div>\n<div class=\"x11i5rnm xat24cr x1mh8g0r x1vvkbs xtlvy1s x126k92a\">\n<div dir=\"auto\">En una jornada cargada de emoci\u00f3n, alegr\u00eda y profundo reconocimiento, la presidenta municipal Mari Luz Vel\u00e1zquez Jim\u00e9nez encabez\u00f3 la celebraci\u00f3n del D\u00eda de las Madres en la explanada del Parque Central, donde miles de mujeres fueron homenajeadas en un ambiente festivo y c\u00e1lido.<\/div>\n<div dir=\"auto\"><\/div>\n<\/div>\n<div class=\"x11i5rnm xat24cr x1mh8g0r x1vvkbs xtlvy1s x126k92a\">\n<div dir=\"auto\">Acompa\u00f1ada por la delegada de Programas Federales en Tabasco, Lorena M\u00e9ndez Denis,\u00a0la alcaldesa dirigi\u00f3 un emotivo mensaje en el que exalt\u00f3 el amor incondicional, la fortaleza y el compromiso que representan las madres en cada hogar y en la sociedad.<\/div>\n<div dir=\"auto\"><\/div>\n<\/div>\n<div class=\"x11i5rnm xat24cr x1mh8g0r x1vvkbs xtlvy1s x126k92a\">\n<div dir=\"auto\">Con palabras sinceras, la edil comparti\u00f3 su empat\u00eda con las asistentes, al afirmar que conoce de primera mano lo que significa darlo todo por el bienestar de los hijos.<\/div>\n<\/div>\n<div class=\"x11i5rnm xat24cr x1mh8g0r x1vvkbs xtlvy1s x126k92a\">\n<div dir=\"auto\">Reiter\u00f3 que su compromiso como presidenta municipal es trabajar por el bienestar, la salud y la dignidad de todas las madres del municipio.<\/div>\n<div dir=\"auto\"><\/div>\n<\/div>\n<div class=\"x11i5rnm xat24cr x1mh8g0r x1vvkbs xtlvy1s x126k92a\">\n<div dir=\"auto\">Enfatiz\u00f3 que, m\u00e1s all\u00e1 de los regalos o festejos, lo importante es que las madres se lleven el reconocimiento sincero de un pueblo que las honra y respeta.<\/div>\n<div dir=\"auto\"><\/div>\n<\/div>\n<div class=\"x11i5rnm xat24cr x1mh8g0r x1vvkbs xtlvy1s x126k92a\">\n<div dir=\"auto\">Uno de los momentos m\u00e1s significativos de la jornada fue el recibimiento personal y la entrega de un obsequio por parte de la alcaldesa del <span class=\"html-span xdj266r x11i5rnm xat24cr x1mh8g0r xexx8yu x4uap5 x18d9i69 xkhd6sd x1hl2dhg x16tdsg8 x1vvkbs\"><a class=\"x1i10hfl xjbqb8w x1ejq31n xd10rxx x1sy0etr x17r0tee x972fbf xcfux6l x1qhh985 xm0m39n x9f619 x1ypdohk xt0psk2 xe8uvvx xdj266r x11i5rnm xat24cr x1mh8g0r xexx8yu x4uap5 x18d9i69 xkhd6sd x16tdsg8 x1hl2dhg xggy1nq x1a2a7pz xkrqix3 x1sur9pj x1fey0fg x1s688f\" tabindex=\"0\" role=\"link\" href=\"https:\/\/www.facebook.com\/GobiernoDeHuimanguillo?__cft__[0]=AZWF0JzxvJudblAAMs_Y_wDgVAeOMg4UqgIrCqLuLholQaPuRlMv2ceKN6SJnMvrJX4Lm1103USBybZ2pOkb6bHmpbFTCmqhehMEkJQWCjViRHoTpWKOJssrcVff3NE_SdqxS38XO07A2yPQGlbBDBBxInKnNokHQBantZFf7-JYWu0fz1pj1OHcczF0TNMoHH8&amp;__tn__=-]K-R\"><span class=\"xt0psk2\"><span class=\"xjp7ctv\">Gobierno de Huimanguillo. 2024 &#8211; 2027<\/span><\/span><\/a><\/span> a cada una de las madres asistentes, como s\u00edmbolo de aprecio y gratitud.<\/div>\n<div dir=\"auto\"><\/div>\n<\/div>\n<div class=\"x11i5rnm xat24cr x1mh8g0r x1vvkbs xtlvy1s x126k92a\">\n<div dir=\"auto\">La celebraci\u00f3n cont\u00f3 con la participaci\u00f3n musical del grupo Ke Mexicano Show, que puso a bailar a las asistentes con su en\u00e9rgico repertorio.<\/div>\n<div dir=\"auto\"><\/div>\n<\/div>\n<div class=\"x11i5rnm xat24cr x1mh8g0r x1vvkbs xtlvy1s x126k92a\">\n<div dir=\"auto\">Adem\u00e1s, se llevaron a cabo rifas de art\u00edculos para el hogar, entre los que destacaron refrigeradores, microondas, pantallas, salas, licuadoras, planchas, juegos de vasos, sartenes y m\u00e1s.<\/div>\n<\/div>\n","protected":false},"excerpt":{"rendered":"<p>MILES DE MADRES SON HOMENAJEADAS EN EMOTIVA CELEBRACI\u00d3N ENCABEZADA POR LA ALCALDESA MARI LUZ VEL\u00c1ZQUEZ JIM\u00c9NEZ En una jornada cargada de emoci\u00f3n, alegr\u00eda y profundo reconocimiento, la presidenta municipal Mari Luz Vel\u00e1zquez Jim\u00e9nez encabez\u00f3 la celebraci\u00f3n del D\u00eda de las Madres en la explanada del Parque Central, donde miles de mujeres fueron homenajeadas en un [&hellip;]<\/p>\n","protected":false},"author":1,"featured_media":2437,"comment_status":"open","ping_status":"open","sticky":false,"template":"","format":"standard","meta":{"footnotes":""},"categories":[4],"tags":[],"class_list":["post-2436","post","type-post","status-publish","format-standard","has-post-thumbnail","hentry","category-noticias"],"_links":{"self":[{"href":"https:\/\/trabucoradio.com\/home\/index.php?rest_route=\/wp\/v2\/posts\/2436","targetHints":{"allow":["GET"]}}],"collection":[{"href":"https:\/\/trabucoradio.com\/home\/index.php?rest_route=\/wp\/v2\/posts"}],"about":[{"href":"https:\/\/trabucoradio.com\/home\/index.php?rest_route=\/wp\/v2\/types\/post"}],"author":[{"embeddable":true,"href":"https:\/\/trabucoradio.com\/home\/index.php?rest_route=\/wp\/v2\/users\/1"}],"replies":[{"embeddable":true,"href":"https:\/\/trabucoradio.com\/home\/index.php?rest_route=%2Fwp%2Fv2%2Fcomments&post=2436"}],"version-history":[{"count":1,"href":"https:\/\/trabucoradio.com\/home\/index.php?rest_route=\/wp\/v2\/posts\/2436\/revisions"}],"predecessor-version":[{"id":2438,"href":"https:\/\/trabucoradio.com\/home\/index.php?rest_route=\/wp\/v2\/posts\/2436\/revisions\/2438"}],"wp:featuredmedia":[{"embeddable":true,"href":"https:\/\/trabucoradio.com\/home\/index.php?rest_route=\/wp\/v2\/media\/2437"}],"wp:attachment":[{"href":"https:\/\/trabucoradio.com\/home\/index.php?rest_route=%2Fwp%2Fv2%2Fmedia&parent=2436"}],"wp:term":[{"taxonomy":"category","embeddable":true,"href":"https:\/\/trabucoradio.com\/home\/index.php?rest_route=%2Fwp%2Fv2%2Fcategories&post=2436"},{"taxonomy":"post_tag","embeddable":true,"href":"https:\/\/trabucoradio.com\/home\/index.php?rest_route=%2Fwp%2Fv2%2Ftags&post=2436"}],"curies":[{"name":"wp","href":"https:\/\/api.w.org\/{rel}","templated":true}]}}