{"id":2430,"date":"2025-05-10T09:49:37","date_gmt":"2025-05-10T15:49:37","guid":{"rendered":"https:\/\/trabucoradio.com\/home\/?p=2430"},"modified":"2025-05-10T09:49:37","modified_gmt":"2025-05-10T15:49:37","slug":"confirma-turismo-presentacion-de-alejandra-guzman-en-el-foro-tabasco-de-la-feria-este-10-de-mayo","status":"publish","type":"post","link":"https:\/\/trabucoradio.com\/home\/?p=2430","title":{"rendered":"CONFIRMA TURISMO PRESENTACI\u00d3N DE ALEJANDRA GUZM\u00c1N EN EL FORO TABASCO DE LA FERIA ESTE 10 DE MAYO"},"content":{"rendered":"<div class=\"xdj266r x11i5rnm xat24cr x1mh8g0r x1vvkbs x126k92a\">\n<div dir=\"auto\">CONFIRMA TURISMO PRESENTACI\u00d3N DE ALEJANDRA GUZM\u00c1N EN EL FORO TABASCO DE LA FERIA ESTE 10 DE MAYO<\/div>\n<div dir=\"auto\"><\/div>\n<\/div>\n<div class=\"x11i5rnm xat24cr x1mh8g0r x1vvkbs xtlvy1s x126k92a\">\n<div dir=\"auto\">La Secretaria de Turismo y Desarrollo Econ\u00f3mico invit\u00f3 a las mam\u00e1s a que acudan en su d\u00eda al Foro La Cultural y est\u00e9n atentas a las redes sociales oficiales del Gobierno del Estado, para participar en la rifa de regalos<\/div>\n<div dir=\"auto\"><\/div>\n<\/div>\n<div class=\"x11i5rnm xat24cr x1mh8g0r x1vvkbs xtlvy1s x126k92a\">\n<div dir=\"auto\">La secretaria de Turismo y Desarrollo Econ\u00f3mico, Katia Ornelas Gil, afirm\u00f3 que est\u00e1 garantizada la presentaci\u00f3n del espect\u00e1culo de Alejandra Guzm\u00e1n, este s\u00e1bado 10 de mayo, d\u00eda de las madres, en la Feria Tabasco 2025, como parte de los conciertos gratuitos que presentan en el Foro Tabasco de la fiesta del pueblo.<\/div>\n<div dir=\"auto\"><\/div>\n<\/div>\n<div class=\"x11i5rnm xat24cr x1mh8g0r x1vvkbs xtlvy1s x126k92a\">\n<div dir=\"auto\">Agreg\u00f3 que, con el fin de celebrar a las mam\u00e1s en su d\u00eda, se llevar\u00e1n a cabo rifas de regalos a las madres que asistan durante esta conmemoraci\u00f3n al Foro La Cultural, por lo que las invit\u00f3 para que est\u00e9n pendiente de las redes sociales oficiales del Gobierno del Estado para que conozcan las din\u00e1micas mediante las que podr\u00edan ganarse uno de los 200 obsequios que se van a entregar para celebrar a las reinas del hogar.<\/div>\n<div dir=\"auto\"><\/div>\n<\/div>\n<div class=\"x11i5rnm xat24cr x1mh8g0r x1vvkbs xtlvy1s x126k92a\">\n<div dir=\"auto\">La servidora p\u00fablica reiter\u00f3 que durante los \u00faltimos d\u00edas se feria se determin\u00f3 ampliar el horario de asistencia al Parque Tabasco \u2018Dora Mar\u00eda\u2019, con el fin de apoyar a los comerciantes y que las familias puedan acudir y disfrutar de las atracciones, entretenimiento y actividades art\u00edsticas y culturales que se presentar\u00e1n durante el fin de semana.<\/div>\n<div dir=\"auto\"><\/div>\n<\/div>\n<div class=\"x11i5rnm xat24cr x1mh8g0r x1vvkbs xtlvy1s x126k92a\">\n<div dir=\"auto\">Resalt\u00f3 que los conciertos gratuitos han sido todo un \u00e9xito, en donde la afluencia ha oscilado desde 40 mil a 70 mil personas que han acudido a bailar, cantar y disfrutar de presentaciones de grandes artistas y grupos musicales, tales como La Arrolladora, Pepe Aguilar, Nelson Kanzela y otros.<\/div>\n<div dir=\"auto\"><\/div>\n<\/div>\n<div class=\"x11i5rnm xat24cr x1mh8g0r x1vvkbs xtlvy1s x126k92a\">\n<div dir=\"auto\">Ornelas Gil dijo que la presentaci\u00f3n de este s\u00e1bado de la cantante Alejandra Guzm\u00e1n en dicho lugar sigue en pie y ser\u00e1 un buen motivo para continuar visitando la \u2018Fiesta del Pueblo\u2019.<\/div>\n<\/div>\n<div class=\"x11i5rnm xat24cr x1mh8g0r x1vvkbs xtlvy1s x126k92a\">\n<div dir=\"auto\">En el Foro Tabasco, subray\u00f3, se reforzaron las medidas de seguridad para tranquilidad de los asistentes y se contin\u00faa con acciones preventivas de protecci\u00f3n civil \u00a0y vialidad, para garantizar el mejor disfrute de los espect\u00e1culos.<\/div>\n<div dir=\"auto\"><\/div>\n<\/div>\n<div class=\"x11i5rnm xat24cr x1mh8g0r x1vvkbs xtlvy1s x126k92a\">\n<div dir=\"auto\">\u201cHemos podido constatar despu\u00e9s de los eventos masivos que hemos tenido en el Foro Tabasco que, terminando las presentaciones de los artistas, la gente viene al parque, consume y eso tambi\u00e9n significa que los comerciantes aprovechan para poder vender sus recursos y con ello reactivar su econom\u00eda\u201d, acot\u00f3.<\/div>\n<div dir=\"auto\"><\/div>\n<\/div>\n<div class=\"x11i5rnm xat24cr x1mh8g0r x1vvkbs xtlvy1s x126k92a\">\n<div dir=\"auto\">Consider\u00f3 que la Feria Tabasco est\u00e1 cumpliendo con el compromiso de dar momentos de alegr\u00eda a las familias tabasque\u00f1as y visitantes nacionales, lo que contribuye a generar una importante derrama econ\u00f3mica, que se han reflejado tambi\u00e9n en un incremento en la ocupaci\u00f3n hotelera que alcanza un 60 por ciento, superior al registrado durante la temporada vacacional de Semana Santa que fue del 33 por ciento.<\/div>\n<\/div>\n","protected":false},"excerpt":{"rendered":"<p>CONFIRMA TURISMO PRESENTACI\u00d3N DE ALEJANDRA GUZM\u00c1N EN EL FORO TABASCO DE LA FERIA ESTE 10 DE MAYO La Secretaria de Turismo y Desarrollo Econ\u00f3mico invit\u00f3 a las mam\u00e1s a que acudan en su d\u00eda al Foro La Cultural y est\u00e9n atentas a las redes sociales oficiales del Gobierno del Estado, para participar en la rifa [&hellip;]<\/p>\n","protected":false},"author":1,"featured_media":2431,"comment_status":"open","ping_status":"open","sticky":false,"template":"","format":"standard","meta":{"footnotes":""},"categories":[4],"tags":[],"class_list":["post-2430","post","type-post","status-publish","format-standard","has-post-thumbnail","hentry","category-noticias"],"_links":{"self":[{"href":"https:\/\/trabucoradio.com\/home\/index.php?rest_route=\/wp\/v2\/posts\/2430","targetHints":{"allow":["GET"]}}],"collection":[{"href":"https:\/\/trabucoradio.com\/home\/index.php?rest_route=\/wp\/v2\/posts"}],"about":[{"href":"https:\/\/trabucoradio.com\/home\/index.php?rest_route=\/wp\/v2\/types\/post"}],"author":[{"embeddable":true,"href":"https:\/\/trabucoradio.com\/home\/index.php?rest_route=\/wp\/v2\/users\/1"}],"replies":[{"embeddable":true,"href":"https:\/\/trabucoradio.com\/home\/index.php?rest_route=%2Fwp%2Fv2%2Fcomments&post=2430"}],"version-history":[{"count":1,"href":"https:\/\/trabucoradio.com\/home\/index.php?rest_route=\/wp\/v2\/posts\/2430\/revisions"}],"predecessor-version":[{"id":2432,"href":"https:\/\/trabucoradio.com\/home\/index.php?rest_route=\/wp\/v2\/posts\/2430\/revisions\/2432"}],"wp:featuredmedia":[{"embeddable":true,"href":"https:\/\/trabucoradio.com\/home\/index.php?rest_route=\/wp\/v2\/media\/2431"}],"wp:attachment":[{"href":"https:\/\/trabucoradio.com\/home\/index.php?rest_route=%2Fwp%2Fv2%2Fmedia&parent=2430"}],"wp:term":[{"taxonomy":"category","embeddable":true,"href":"https:\/\/trabucoradio.com\/home\/index.php?rest_route=%2Fwp%2Fv2%2Fcategories&post=2430"},{"taxonomy":"post_tag","embeddable":true,"href":"https:\/\/trabucoradio.com\/home\/index.php?rest_route=%2Fwp%2Fv2%2Ftags&post=2430"}],"curies":[{"name":"wp","href":"https:\/\/api.w.org\/{rel}","templated":true}]}}