{"id":2425,"date":"2025-05-10T09:44:50","date_gmt":"2025-05-10T15:44:50","guid":{"rendered":"https:\/\/trabucoradio.com\/home\/?p=2425"},"modified":"2025-05-10T09:44:50","modified_gmt":"2025-05-10T15:44:50","slug":"mexico-canta-como-participar-y-cuales-seran-los-premios","status":"publish","type":"post","link":"https:\/\/trabucoradio.com\/home\/?p=2425","title":{"rendered":"M\u00c9XICO CANTA: \u00bfC\u00d3MO PARTICIPAR Y CU\u00c1LES SER\u00c1N LOS PREMIOS?"},"content":{"rendered":"<div class=\"xdj266r x11i5rnm xat24cr x1mh8g0r x1vvkbs x126k92a\">\n<div dir=\"auto\">M\u00c9XICO CANTA: \u00bfC\u00d3MO PARTICIPAR Y CU\u00c1LES SER\u00c1N LOS PREMIOS?<\/div>\n<div dir=\"auto\"><\/div>\n<\/div>\n<div class=\"x11i5rnm xat24cr x1mh8g0r x1vvkbs xtlvy1s x126k92a\">\n<div dir=\"auto\">Durante la &#8216;ma\u00f1anera del pueblo&#8217; de este viernes, la secretaria de Cultura, Claudia Curiel de Icaza, record\u00f3 el concurso &#8216;M\u00e9xico Canta por la paz y contra las adicciones&#8217;, ante ello detall\u00f3 los requisitos y las inscripciones para que puedas participar y demostrar tu talento y capacidades art\u00edsticas a todo <span class=\"html-span xdj266r x11i5rnm xat24cr x1mh8g0r xexx8yu x4uap5 x18d9i69 xkhd6sd x1hl2dhg x16tdsg8 x1vvkbs\"><a class=\"x1i10hfl xjbqb8w x1ejq31n xd10rxx x1sy0etr x17r0tee x972fbf xcfux6l x1qhh985 xm0m39n x9f619 x1ypdohk xt0psk2 xe8uvvx xdj266r x11i5rnm xat24cr x1mh8g0r xexx8yu x4uap5 x18d9i69 xkhd6sd x16tdsg8 x1hl2dhg xggy1nq x1a2a7pz xkrqix3 x1sur9pj x1fey0fg x1s688f\" tabindex=\"0\" role=\"link\" href=\"https:\/\/www.facebook.com\/hashtag\/m%C3%A9xico?__eep__=6&amp;__cft__[0]=AZVPZHb8DsZAB7RomqQR4nt86CzSC7zqSQJNx1-LSr0Lv9oG0PzVvRuTCIycSDkH8LdjCKwqrLp9NhWUbGUaoP1vHbQ4cKl7Ambd0tU76NTzihEL27YnmvonJvDfh_0RFUpqft4FhSzLKa3wey7vy8Xmpe8TZuFyPMQ_FxZrJk_FFiQH94Rx94jvMY-8slZXJoI&amp;__tn__=*NK-R\">M\u00e9xico<\/a><\/span>.<\/div>\n<div dir=\"auto\"><\/div>\n<\/div>\n<div class=\"x11i5rnm xat24cr x1mh8g0r x1vvkbs xtlvy1s x126k92a\">\n<div dir=\"auto\">De acuerdo con la convocatoria, este concurso est\u00e1 dirigido para todos los j\u00f3venes interpretes y compositores entre 18 y 34 a\u00f1os de edad de origen mexicano y mexicoamericanos, es decir tambi\u00e9n pueden participar quienes vivan en Estados Unidos.<\/div>\n<div dir=\"auto\"><\/div>\n<\/div>\n<div class=\"x11i5rnm xat24cr x1mh8g0r x1vvkbs xtlvy1s x126k92a\">\n<div dir=\"auto\">Asimismo, la secretaria Claudia Curiel inform\u00f3 que la inscripci\u00f3n estar\u00e1 disponible hasta el 30 de mayo de este 2025. Durante estos d\u00edas tendr\u00e1s que ingresar a la p\u00e1gina <span class=\"html-span xdj266r x11i5rnm xat24cr x1mh8g0r xexx8yu x4uap5 x18d9i69 xkhd6sd x1hl2dhg x16tdsg8 x1vvkbs\"><a class=\"x1i10hfl xjbqb8w x1ejq31n xd10rxx x1sy0etr x17r0tee x972fbf xcfux6l x1qhh985 xm0m39n x9f619 x1ypdohk xt0psk2 xe8uvvx xdj266r x11i5rnm xat24cr x1mh8g0r xexx8yu x4uap5 x18d9i69 xkhd6sd x16tdsg8 x1hl2dhg xggy1nq x1a2a7pz xkrqix3 x1sur9pj x1fey0fg x1s688f\" tabindex=\"0\" role=\"link\" href=\"https:\/\/l.facebook.com\/l.php?u=http%3A%2F%2Fmexicocanta.gob.mx%2F%3Ffbclid%3DIwZXh0bgNhZW0CMTAAYnJpZBExRTl2VjAxcHJpeFI4R20wcAEeLqpKSGTbbdspSabxUL8EUW7KyrJIIYgGrHvUsh05f1SZCV66ZVHdXLz3q3o_aem_MnoQ4cA5uCX9lyoDoT2xcQ&amp;h=AT2my-v0ZAE5bhZ7OhjwBW0IW_8PTVBBDAF8IeR-ttiBgB9xM2MkSmqrnbY1sGTyM-RLVbwc-1df7o5Huv_Jll021Tr8J0s7n-ZYlgBqZHEUUTvqe0lEiABLaWlc21q9yUDA5o2HU9wEnNHGI6HkcrDuyFsi_l0q&amp;__tn__=-UK-R&amp;c[0]=AT3AR5PqQPJ0PJMzRUSUUa1zkOQriJTAoLFYkMomxvQ5glHfYnXTnpJXYlZfG1QTkyRXgdeiy1_wmK22_FH4OTJu0uySJA5DJQFEYc5wKzPoGw_y5IWaaXH0APne75TrURI63rTWWI3zteBHm5l4TeD2XCSz9HLjdIAAxzfPQpYApiyde9qxVlzCgu1c4ldolzxNF3U11sDqLDD3GMv-F50wzPo\" target=\"_blank\" rel=\"nofollow noopener noreferrer\">mexicocanta.gob.mx.<\/a><\/span> Ah\u00ed deber\u00e1s de enviar una grabaci\u00f3n, y sea un audio o video realizado con alg\u00fan dispositivo m\u00f3vil.<\/div>\n<div dir=\"auto\"><\/div>\n<\/div>\n<div class=\"x11i5rnm xat24cr x1mh8g0r x1vvkbs xtlvy1s x126k92a\">\n<div dir=\"auto\">\u00bfCu\u00e1les ser\u00e1n los premios para los ganadores de M\u00c9XICO CANTA?<\/div>\n<div dir=\"auto\"><\/div>\n<\/div>\n<div class=\"x11i5rnm xat24cr x1mh8g0r x1vvkbs xtlvy1s x126k92a\">\n<div dir=\"auto\">Mejor Canci\u00f3n: Contrato con una editorial, nacional y transnacional.<\/div>\n<div dir=\"auto\"><\/div>\n<\/div>\n<div class=\"x11i5rnm xat24cr x1mh8g0r x1vvkbs xtlvy1s x126k92a\">\n<div dir=\"auto\">Mejor Int\u00e9rprete: Contrato discogr\u00e1fico con una compa\u00f1\u00eda nacional, transnacional o independiente de la m\u00fasica, perteneciente al Consejo Mexicano de la M\u00fasica (CMN). Grabaci\u00f3n y producci\u00f3n de LP (12 canciones) y contenidos audiovisuales.<\/div>\n<div dir=\"auto\"><\/div>\n<\/div>\n<div class=\"x11i5rnm xat24cr x1mh8g0r x1vvkbs xtlvy1s x126k92a\">\n<div dir=\"auto\">Premio del Jurado: Contrato discogr\u00e1fico con una compa\u00f1\u00eda, nacional, transnacional o independiente de la m\u00fasica, perteneciente al CMN. Grabaci\u00f3n y producci\u00f3n de EP (6 canciones) y contenidos audiovisuales.<\/div>\n<div dir=\"auto\"><\/div>\n<\/div>\n<div class=\"x11i5rnm xat24cr x1mh8g0r x1vvkbs xtlvy1s x126k92a\">\n<div dir=\"auto\">La participaci\u00f3n se har\u00e1 en vivo del 17 de agosto al 21 de septiembre.<\/div>\n<\/div>\n","protected":false},"excerpt":{"rendered":"<p>M\u00c9XICO CANTA: \u00bfC\u00d3MO PARTICIPAR Y CU\u00c1LES SER\u00c1N LOS PREMIOS? Durante la &#8216;ma\u00f1anera del pueblo&#8217; de este viernes, la secretaria de Cultura, Claudia Curiel de Icaza, record\u00f3 el concurso &#8216;M\u00e9xico Canta por la paz y contra las adicciones&#8217;, ante ello detall\u00f3 los requisitos y las inscripciones para que puedas participar y demostrar tu talento y capacidades [&hellip;]<\/p>\n","protected":false},"author":1,"featured_media":2426,"comment_status":"open","ping_status":"open","sticky":false,"template":"","format":"standard","meta":{"footnotes":""},"categories":[4],"tags":[],"class_list":["post-2425","post","type-post","status-publish","format-standard","has-post-thumbnail","hentry","category-noticias"],"_links":{"self":[{"href":"https:\/\/trabucoradio.com\/home\/index.php?rest_route=\/wp\/v2\/posts\/2425","targetHints":{"allow":["GET"]}}],"collection":[{"href":"https:\/\/trabucoradio.com\/home\/index.php?rest_route=\/wp\/v2\/posts"}],"about":[{"href":"https:\/\/trabucoradio.com\/home\/index.php?rest_route=\/wp\/v2\/types\/post"}],"author":[{"embeddable":true,"href":"https:\/\/trabucoradio.com\/home\/index.php?rest_route=\/wp\/v2\/users\/1"}],"replies":[{"embeddable":true,"href":"https:\/\/trabucoradio.com\/home\/index.php?rest_route=%2Fwp%2Fv2%2Fcomments&post=2425"}],"version-history":[{"count":1,"href":"https:\/\/trabucoradio.com\/home\/index.php?rest_route=\/wp\/v2\/posts\/2425\/revisions"}],"predecessor-version":[{"id":2427,"href":"https:\/\/trabucoradio.com\/home\/index.php?rest_route=\/wp\/v2\/posts\/2425\/revisions\/2427"}],"wp:featuredmedia":[{"embeddable":true,"href":"https:\/\/trabucoradio.com\/home\/index.php?rest_route=\/wp\/v2\/media\/2426"}],"wp:attachment":[{"href":"https:\/\/trabucoradio.com\/home\/index.php?rest_route=%2Fwp%2Fv2%2Fmedia&parent=2425"}],"wp:term":[{"taxonomy":"category","embeddable":true,"href":"https:\/\/trabucoradio.com\/home\/index.php?rest_route=%2Fwp%2Fv2%2Fcategories&post=2425"},{"taxonomy":"post_tag","embeddable":true,"href":"https:\/\/trabucoradio.com\/home\/index.php?rest_route=%2Fwp%2Fv2%2Ftags&post=2425"}],"curies":[{"name":"wp","href":"https:\/\/api.w.org\/{rel}","templated":true}]}}