{"id":2417,"date":"2025-05-09T15:53:38","date_gmt":"2025-05-09T21:53:38","guid":{"rendered":"https:\/\/trabucoradio.com\/home\/?p=2417"},"modified":"2025-05-09T15:53:38","modified_gmt":"2025-05-09T21:53:38","slug":"congreso-de-tabasco-establece-5-de-marzo-como-dia-del-tamborilero-tabasqueno-y-la-musica-de-los-tamborileros-como-patrimonio-cultural-intangible","status":"publish","type":"post","link":"https:\/\/trabucoradio.com\/home\/?p=2417","title":{"rendered":"CONGRESO DE TABASCO ESTABLECE 5 DE MARZO COMO D\u00cdA DEL TAMBORILERO TABASQUE\u00d1O Y LA M\u00daSICA DE LOS TAMBORILEROS COMO PATRIMONIO CULTURAL INTANGIBLE\u00a0"},"content":{"rendered":"<div class=\"xdj266r x11i5rnm xat24cr x1mh8g0r x1vvkbs x126k92a\">\n<div dir=\"auto\">CONGRESO DE TABASCO ESTABLECE 5 DE MARZO COMO D\u00cdA DEL TAMBORILERO TABASQUE\u00d1O Y LA M\u00daSICA DE LOS TAMBORILEROS COMO PATRIMONIO CULTURAL INTANGIBLE<\/div>\n<div dir=\"auto\"><\/div>\n<div dir=\"auto\">Al celebrar la determinaci\u00f3n del Legislativo, el Gobernador <span class=\"html-span xdj266r x11i5rnm xat24cr x1mh8g0r xexx8yu x4uap5 x18d9i69 xkhd6sd x1hl2dhg x16tdsg8 x1vvkbs\"><a class=\"x1i10hfl xjbqb8w x1ejq31n xd10rxx x1sy0etr x17r0tee x972fbf xcfux6l x1qhh985 xm0m39n x9f619 x1ypdohk xt0psk2 xe8uvvx xdj266r x11i5rnm xat24cr x1mh8g0r xexx8yu x4uap5 x18d9i69 xkhd6sd x16tdsg8 x1hl2dhg xggy1nq x1a2a7pz xkrqix3 x1sur9pj x1fey0fg x1s688f\" tabindex=\"0\" role=\"link\" href=\"https:\/\/www.facebook.com\/TabascoJavier?__cft__[0]=AZWPR2Za2M3CfiWC3IcmC94WAb7vknskEV3m-eryqnO91npYomTt8BFm4lnGBY7SrLz5Hmd3_2Z_4lYl1atlIT_0uHiQBajuohh6zg5qu215E6ahdFP-EcGMbkGy3yxHiU141_QydtY8gI8gJTcDjC-AWqWLl6yAt_GRCjxcStWaO4IOUGgjRdGeFHaEgm6h3Cc&amp;__tn__=-]K-R\"><span class=\"xt0psk2\"><span class=\"xjp7ctv\">Javier May Rodr\u00edguez<\/span><\/span><\/a><\/span> resalt\u00f3 que para el Gobierno del Pueblo la cultura no es un privilegio, sino un derecho fundamental<\/div>\n<\/div>\n<div class=\"x11i5rnm xat24cr x1mh8g0r x1vvkbs xtlvy1s x126k92a\">\n<div dir=\"auto\">En Sesi\u00f3n Solemne y con la presencia del <span class=\"html-span xdj266r x11i5rnm xat24cr x1mh8g0r xexx8yu x4uap5 x18d9i69 xkhd6sd x1hl2dhg x16tdsg8 x1vvkbs\"><a class=\"x1i10hfl xjbqb8w x1ejq31n xd10rxx x1sy0etr x17r0tee x972fbf xcfux6l x1qhh985 xm0m39n x9f619 x1ypdohk xt0psk2 xe8uvvx xdj266r x11i5rnm xat24cr x1mh8g0r xexx8yu x4uap5 x18d9i69 xkhd6sd x16tdsg8 x1hl2dhg xggy1nq x1a2a7pz xkrqix3 x1sur9pj x1fey0fg x1s688f\" tabindex=\"0\" role=\"link\" href=\"https:\/\/www.facebook.com\/hashtag\/gobernador?__eep__=6&amp;__cft__[0]=AZWPR2Za2M3CfiWC3IcmC94WAb7vknskEV3m-eryqnO91npYomTt8BFm4lnGBY7SrLz5Hmd3_2Z_4lYl1atlIT_0uHiQBajuohh6zg5qu215E6ahdFP-EcGMbkGy3yxHiU141_QydtY8gI8gJTcDjC-AWqWLl6yAt_GRCjxcStWaO4IOUGgjRdGeFHaEgm6h3Cc&amp;__tn__=*NK-R\">Gobernador<\/a><\/span> Javier May Rodr\u00edguez, el Congreso de Tabasco declar\u00f3 el 5 de marzo como D\u00eda del Tamborilero Tabasque\u00f1o y la M\u00fasica de los Tamborileros como Patrimonio Cultural Intangible del estado, iniciativa que muestra la visi\u00f3n y compromiso del Gobierno del Pueblo para impulsar y garantizar el derecho de las y los tabasque\u00f1os a la cultura.<\/div>\n<div dir=\"auto\"><\/div>\n<\/div>\n<div class=\"x11i5rnm xat24cr x1mh8g0r x1vvkbs xtlvy1s x126k92a\">\n<div dir=\"auto\">Luego que, por unanimidad la Sexag\u00e9sima Quinta Legislatura aprobara dicha iniciativa, el mandatario estatal destac\u00f3 que, a partir de hoy, esta fecha quedar\u00e1 inscrita en el calendario c\u00edvico y cultural de <span class=\"html-span xdj266r x11i5rnm xat24cr x1mh8g0r xexx8yu x4uap5 x18d9i69 xkhd6sd x1hl2dhg x16tdsg8 x1vvkbs\"><a class=\"x1i10hfl xjbqb8w x1ejq31n xd10rxx x1sy0etr x17r0tee x972fbf xcfux6l x1qhh985 xm0m39n x9f619 x1ypdohk xt0psk2 xe8uvvx xdj266r x11i5rnm xat24cr x1mh8g0r xexx8yu x4uap5 x18d9i69 xkhd6sd x16tdsg8 x1hl2dhg xggy1nq x1a2a7pz xkrqix3 x1sur9pj x1fey0fg x1s688f\" tabindex=\"0\" role=\"link\" href=\"https:\/\/www.facebook.com\/hashtag\/tabasco?__eep__=6&amp;__cft__[0]=AZWPR2Za2M3CfiWC3IcmC94WAb7vknskEV3m-eryqnO91npYomTt8BFm4lnGBY7SrLz5Hmd3_2Z_4lYl1atlIT_0uHiQBajuohh6zg5qu215E6ahdFP-EcGMbkGy3yxHiU141_QydtY8gI8gJTcDjC-AWqWLl6yAt_GRCjxcStWaO4IOUGgjRdGeFHaEgm6h3Cc&amp;__tn__=*NK-R\">Tabasco<\/a><\/span>, por lo que reconoci\u00f3 tambi\u00e9n a las y los diputados quienes han hecho historia con la aprobaci\u00f3n al inicio de esta administraci\u00f3n, de los nuevos programas sociales, y un presupuesto orientado al bienestar del pueblo.<\/div>\n<div dir=\"auto\"><\/div>\n<\/div>\n<div class=\"x11i5rnm xat24cr x1mh8g0r x1vvkbs xtlvy1s x126k92a\">\n<div dir=\"auto\">Durante el acto, donde se cont\u00f3 con la presencia de la Flor Tabasco 2025, Mar\u00eda Fernanda Palma Miramontes y las 16 embajadoras de la \u2018Fiesta del Pueblo\u2019, afirm\u00f3 que \u201ccon esta declaratoria, no s\u00f3lo rendimos homenaje a una expresi\u00f3n musical ancestral. Tambi\u00e9n damos paso firme hacia la justicia social, mediante el reconocimiento del valor hist\u00f3rico, social y <span class=\"html-span xdj266r x11i5rnm xat24cr x1mh8g0r xexx8yu x4uap5 x18d9i69 xkhd6sd x1hl2dhg x16tdsg8 x1vvkbs\"><a class=\"x1i10hfl xjbqb8w x1ejq31n xd10rxx x1sy0etr x17r0tee x972fbf xcfux6l x1qhh985 xm0m39n x9f619 x1ypdohk xt0psk2 xe8uvvx xdj266r x11i5rnm xat24cr x1mh8g0r xexx8yu x4uap5 x18d9i69 xkhd6sd x16tdsg8 x1hl2dhg xggy1nq x1a2a7pz xkrqix3 x1sur9pj x1fey0fg x1s688f\" tabindex=\"0\" role=\"link\" href=\"https:\/\/www.facebook.com\/hashtag\/art%C3%ADstico?__eep__=6&amp;__cft__[0]=AZWPR2Za2M3CfiWC3IcmC94WAb7vknskEV3m-eryqnO91npYomTt8BFm4lnGBY7SrLz5Hmd3_2Z_4lYl1atlIT_0uHiQBajuohh6zg5qu215E6ahdFP-EcGMbkGy3yxHiU141_QydtY8gI8gJTcDjC-AWqWLl6yAt_GRCjxcStWaO4IOUGgjRdGeFHaEgm6h3Cc&amp;__tn__=*NK-R\">#art\u00edstico<\/a><\/span> de nuestras ra\u00edces\u201d.<\/div>\n<div dir=\"auto\"><\/div>\n<\/div>\n<div class=\"x11i5rnm xat24cr x1mh8g0r x1vvkbs xtlvy1s x126k92a\">\n<div dir=\"auto\">Agreg\u00f3 que la m\u00fasica de los <span class=\"html-span xdj266r x11i5rnm xat24cr x1mh8g0r xexx8yu x4uap5 x18d9i69 xkhd6sd x1hl2dhg x16tdsg8 x1vvkbs\"><a class=\"x1i10hfl xjbqb8w x1ejq31n xd10rxx x1sy0etr x17r0tee x972fbf xcfux6l x1qhh985 xm0m39n x9f619 x1ypdohk xt0psk2 xe8uvvx xdj266r x11i5rnm xat24cr x1mh8g0r xexx8yu x4uap5 x18d9i69 xkhd6sd x16tdsg8 x1hl2dhg xggy1nq x1a2a7pz xkrqix3 x1sur9pj x1fey0fg x1s688f\" tabindex=\"0\" role=\"link\" href=\"https:\/\/www.facebook.com\/hashtag\/tamborileros?__eep__=6&amp;__cft__[0]=AZWPR2Za2M3CfiWC3IcmC94WAb7vknskEV3m-eryqnO91npYomTt8BFm4lnGBY7SrLz5Hmd3_2Z_4lYl1atlIT_0uHiQBajuohh6zg5qu215E6ahdFP-EcGMbkGy3yxHiU141_QydtY8gI8gJTcDjC-AWqWLl6yAt_GRCjxcStWaO4IOUGgjRdGeFHaEgm6h3Cc&amp;__tn__=*NK-R\">tamborileros<\/a><\/span> representa una de las manifestaciones m\u00e1s aut\u00e9nticas del alma tabasque\u00f1a, sus ritmos, interpretados con flauta de carrizo y tambores de madera y piel, han acompa\u00f1ado la vida de nuestros pueblos durante siglos.<\/div>\n<div dir=\"auto\"><\/div>\n<\/div>\n<div class=\"x11i5rnm xat24cr x1mh8g0r x1vvkbs xtlvy1s x126k92a\">\n<div dir=\"auto\">May Rodr\u00edguez destac\u00f3 que, para el Gobierno del Pueblo, el acceso a la cultura no es un privilegio, sino un derecho fundamental de las y los tabasque\u00f1os, \u201cpor ellos se promueven las expresiones culturales como motor del desarrollo social, como herramienta de transformaci\u00f3n de las conciencias, y como camino hacia la justicia y la equidad\u201d.<\/div>\n<div dir=\"auto\"><\/div>\n<\/div>\n<div class=\"x11i5rnm xat24cr x1mh8g0r x1vvkbs xtlvy1s x126k92a\">\n<div dir=\"auto\">\u201cEstamos convencidos de que no puede haber transformaci\u00f3n verdadera sin la protecci\u00f3n y fomento a nuestra cultura. Queremos que la m\u00fasica de tamborileros se escuche en las escuelas, en las plazas, en los medios p\u00fablicos, en nuestras celebraciones\u201d, acot\u00f3.<\/div>\n<div dir=\"auto\"><\/div>\n<\/div>\n<div class=\"x11i5rnm xat24cr x1mh8g0r x1vvkbs xtlvy1s x126k92a\">\n<div dir=\"auto\">Tras reconocer el esfuerzo del Gobernador Javier May al invertir en la cultura, el presidente de la Junta de Coordinaci\u00f3n Pol\u00edtica del Congreso, Jorge Orlando Bracamonte Hern\u00e1ndez, destac\u00f3 que el tamborilero tabasque\u00f1o, al ejecutar un instrumento, sostiene una herencia, porta un legado que ha pasado de generaci\u00f3n en generaci\u00f3n, \u201cque seguir\u00e1 vivo mientras haya una fiesta, una danza, una reuni\u00f3n\u201d.<\/div>\n<div dir=\"auto\"><\/div>\n<\/div>\n<div class=\"x11i5rnm xat24cr x1mh8g0r x1vvkbs xtlvy1s x126k92a\">\n<div dir=\"auto\">A nombre de las y los tamborileros presentes, el joven Juan Maga\u00f1a Morales, oriundo de Tamult\u00e9 de las Sabanas, asegur\u00f3 que esta distinci\u00f3n garantiza que nuestras <span class=\"html-span xdj266r x11i5rnm xat24cr x1mh8g0r xexx8yu x4uap5 x18d9i69 xkhd6sd x1hl2dhg x16tdsg8 x1vvkbs\"><a class=\"x1i10hfl xjbqb8w x1ejq31n xd10rxx x1sy0etr x17r0tee x972fbf xcfux6l x1qhh985 xm0m39n x9f619 x1ypdohk xt0psk2 xe8uvvx xdj266r x11i5rnm xat24cr x1mh8g0r xexx8yu x4uap5 x18d9i69 xkhd6sd x16tdsg8 x1hl2dhg xggy1nq x1a2a7pz xkrqix3 x1sur9pj x1fey0fg x1s688f\" tabindex=\"0\" role=\"link\" href=\"https:\/\/www.facebook.com\/hashtag\/tradiciones?__eep__=6&amp;__cft__[0]=AZWPR2Za2M3CfiWC3IcmC94WAb7vknskEV3m-eryqnO91npYomTt8BFm4lnGBY7SrLz5Hmd3_2Z_4lYl1atlIT_0uHiQBajuohh6zg5qu215E6ahdFP-EcGMbkGy3yxHiU141_QydtY8gI8gJTcDjC-AWqWLl6yAt_GRCjxcStWaO4IOUGgjRdGeFHaEgm6h3Cc&amp;__tn__=*NK-R\">tradiciones<\/a><\/span> sigan vivas en el coraz\u00f3n de las nuevas generaciones, \u201cgracias por valorar nuestro trabajo, por dignificar nuestra labor y por darnos este lugar en la historia de nuestro estado\u201d, afirm\u00f3.<\/div>\n<div dir=\"auto\"><\/div>\n<\/div>\n<div class=\"x11i5rnm xat24cr x1mh8g0r x1vvkbs xtlvy1s x126k92a\">\n<div dir=\"auto\">A la sesi\u00f3n solemne de la LVX Legislatura del Congreso de Tabasco asistieron el presidente del Tribunal Superior de Justicia, Efra\u00edn Res\u00e9ndez Bocanegra; el secretario de Gobierno, Jos\u00e9 Ramiro L\u00f3pez Obrador; servidores p\u00fablicos estatales; presidentas y presidentes municipales; as\u00ed como grupos de tamborileros de distintos puntos del estado.<\/div>\n<\/div>\n","protected":false},"excerpt":{"rendered":"<p>CONGRESO DE TABASCO ESTABLECE 5 DE MARZO COMO D\u00cdA DEL TAMBORILERO TABASQUE\u00d1O Y LA M\u00daSICA DE LOS TAMBORILEROS COMO PATRIMONIO CULTURAL INTANGIBLE Al celebrar la determinaci\u00f3n del Legislativo, el Gobernador Javier May Rodr\u00edguez resalt\u00f3 que para el Gobierno del Pueblo la cultura no es un privilegio, sino un derecho fundamental En Sesi\u00f3n Solemne y con [&hellip;]<\/p>\n","protected":false},"author":1,"featured_media":2419,"comment_status":"open","ping_status":"open","sticky":false,"template":"","format":"standard","meta":{"footnotes":""},"categories":[3],"tags":[],"class_list":["post-2417","post","type-post","status-publish","format-standard","has-post-thumbnail","hentry","category-politica"],"_links":{"self":[{"href":"https:\/\/trabucoradio.com\/home\/index.php?rest_route=\/wp\/v2\/posts\/2417","targetHints":{"allow":["GET"]}}],"collection":[{"href":"https:\/\/trabucoradio.com\/home\/index.php?rest_route=\/wp\/v2\/posts"}],"about":[{"href":"https:\/\/trabucoradio.com\/home\/index.php?rest_route=\/wp\/v2\/types\/post"}],"author":[{"embeddable":true,"href":"https:\/\/trabucoradio.com\/home\/index.php?rest_route=\/wp\/v2\/users\/1"}],"replies":[{"embeddable":true,"href":"https:\/\/trabucoradio.com\/home\/index.php?rest_route=%2Fwp%2Fv2%2Fcomments&post=2417"}],"version-history":[{"count":1,"href":"https:\/\/trabucoradio.com\/home\/index.php?rest_route=\/wp\/v2\/posts\/2417\/revisions"}],"predecessor-version":[{"id":2420,"href":"https:\/\/trabucoradio.com\/home\/index.php?rest_route=\/wp\/v2\/posts\/2417\/revisions\/2420"}],"wp:featuredmedia":[{"embeddable":true,"href":"https:\/\/trabucoradio.com\/home\/index.php?rest_route=\/wp\/v2\/media\/2419"}],"wp:attachment":[{"href":"https:\/\/trabucoradio.com\/home\/index.php?rest_route=%2Fwp%2Fv2%2Fmedia&parent=2417"}],"wp:term":[{"taxonomy":"category","embeddable":true,"href":"https:\/\/trabucoradio.com\/home\/index.php?rest_route=%2Fwp%2Fv2%2Fcategories&post=2417"},{"taxonomy":"post_tag","embeddable":true,"href":"https:\/\/trabucoradio.com\/home\/index.php?rest_route=%2Fwp%2Fv2%2Ftags&post=2417"}],"curies":[{"name":"wp","href":"https:\/\/api.w.org\/{rel}","templated":true}]}}