{"id":2399,"date":"2025-05-09T14:55:19","date_gmt":"2025-05-09T20:55:19","guid":{"rendered":"https:\/\/trabucoradio.com\/home\/?p=2399"},"modified":"2025-05-09T14:55:19","modified_gmt":"2025-05-09T20:55:19","slug":"gobierno-de-huimanguillo-y-pemex-inauguran-espacio-recreativo-en-el-poblado-c-40-fruto-de-colaboracion-institucional","status":"publish","type":"post","link":"https:\/\/trabucoradio.com\/home\/?p=2399","title":{"rendered":"GOBIERNO DE HUIMANGUILLO Y PEMEX INAUGURAN ESPACIO RECREATIVO EN EL POBLADO C-40, FRUTO DE COLABORACI\u00d3N INSTITUCIONAL"},"content":{"rendered":"<div class=\"xdj266r x11i5rnm xat24cr x1mh8g0r x1vvkbs x126k92a\">\n<div dir=\"auto\">GOBIERNO DE HUIMANGUILLO Y PEMEX INAUGURAN ESPACIO RECREATIVO EN EL POBLADO C-40, FRUTO DE COLABORACI\u00d3N INSTITUCIONAL<\/div>\n<div dir=\"auto\"><\/div>\n<\/div>\n<div class=\"x11i5rnm xat24cr x1mh8g0r x1vvkbs xtlvy1s x126k92a\">\n<div dir=\"auto\">En atenci\u00f3n a una demanda sentida de la comunidad y como resultado de la colaboraci\u00f3n interinstitucional entre el <span class=\"html-span xdj266r x11i5rnm xat24cr x1mh8g0r xexx8yu x4uap5 x18d9i69 xkhd6sd x1hl2dhg x16tdsg8 x1vvkbs\"><a class=\"x1i10hfl xjbqb8w x1ejq31n xd10rxx x1sy0etr x17r0tee x972fbf xcfux6l x1qhh985 xm0m39n x9f619 x1ypdohk xt0psk2 xe8uvvx xdj266r x11i5rnm xat24cr x1mh8g0r xexx8yu x4uap5 x18d9i69 xkhd6sd x16tdsg8 x1hl2dhg xggy1nq x1a2a7pz xkrqix3 x1sur9pj x1fey0fg x1s688f\" tabindex=\"0\" role=\"link\" href=\"https:\/\/www.facebook.com\/GobiernoDeHuimanguillo?__cft__[0]=AZVOhXn47mUN6-JBS313hTiINFs_LKM3MZtWOpESgWMtlYF9-K0UEjYwNSGw_zSbh6EHcZZxwojtma_A-vOTe6ercS6acNKfZ0s6qRUFtj64A5kAjMYK5tVqLmdN2imjD8WpWpsmasIBO083BgjcPZFOadtUTgkRXNarEdGmHtu4p55Sj1IVfd5NWu8v7zIW0EI&amp;__tn__=-]K-R\"><span class=\"xt0psk2\"><span class=\"xjp7ctv\">Gobierno de Huimanguillo. 2024 &#8211; 2027<\/span><\/span><\/a><\/span> y Petr\u00f3leos Mexicanos, a trav\u00e9s de su Gerencia de Responsabilidad Social, este jueves fue inaugurada la cancha techada y parque recreativo del poblado C-40 Ernesto Aguirre Colorado.<\/div>\n<div dir=\"auto\"><\/div>\n<\/div>\n<div class=\"x11i5rnm xat24cr x1mh8g0r x1vvkbs xtlvy1s x126k92a\">\n<div dir=\"auto\">Durante la ceremonia, la alcaldesa <span class=\"html-span xdj266r x11i5rnm xat24cr x1mh8g0r xexx8yu x4uap5 x18d9i69 xkhd6sd x1hl2dhg x16tdsg8 x1vvkbs\"><a class=\"x1i10hfl xjbqb8w x1ejq31n xd10rxx x1sy0etr x17r0tee x972fbf xcfux6l x1qhh985 xm0m39n x9f619 x1ypdohk xt0psk2 xe8uvvx xdj266r x11i5rnm xat24cr x1mh8g0r xexx8yu x4uap5 x18d9i69 xkhd6sd x16tdsg8 x1hl2dhg xggy1nq x1a2a7pz xkrqix3 x1sur9pj x1fey0fg x1s688f\" tabindex=\"0\" role=\"link\" href=\"https:\/\/www.facebook.com\/MariluzVelJim?__cft__[0]=AZVOhXn47mUN6-JBS313hTiINFs_LKM3MZtWOpESgWMtlYF9-K0UEjYwNSGw_zSbh6EHcZZxwojtma_A-vOTe6ercS6acNKfZ0s6qRUFtj64A5kAjMYK5tVqLmdN2imjD8WpWpsmasIBO083BgjcPZFOadtUTgkRXNarEdGmHtu4p55Sj1IVfd5NWu8v7zIW0EI&amp;__tn__=-]K-R\"><span class=\"xt0psk2\"><span class=\"xjp7ctv\">Mari Luz Vel\u00e1zquez Jim\u00e9nez<\/span><\/span><\/a><\/span> subray\u00f3 la relevancia de este espacio multifuncional, que permitir\u00e1 fortalecer la convivencia familiar, fomentar la pr\u00e1ctica deportiva y ofrecer un entorno adecuado para el sano esparcimiento de ni\u00f1as, ni\u00f1os, j\u00f3venes y adultos.<\/div>\n<div dir=\"auto\"><\/div>\n<\/div>\n<div class=\"x11i5rnm xat24cr x1mh8g0r x1vvkbs xtlvy1s x126k92a\">\n<div dir=\"auto\">Vel\u00e1zquez Jim\u00e9nez agradeci\u00f3 a Pemex por su voluntad de coadyuvar en la mejora de las condiciones de vida de la poblaci\u00f3n, al tiempo que reconoci\u00f3 la importancia productiva de los poblados del Plan Chontalpa, Mecatepec, Ocuapan y Tecominoac\u00e1n, considerados entre los m\u00e1s relevantes en materia petrolera del estado.<\/div>\n<div dir=\"auto\"><\/div>\n<\/div>\n<div class=\"x11i5rnm xat24cr x1mh8g0r x1vvkbs xtlvy1s x126k92a\">\n<div dir=\"auto\">Finalmente, la presidenta municipal reiter\u00f3 que su administraci\u00f3n continuar\u00e1 avanzando en el objetivo de dignificar los espacios p\u00fablicos y promover el bienestar integral de las familias en todo el territorio huimanguillense.<\/div>\n<\/div>\n","protected":false},"excerpt":{"rendered":"<p>GOBIERNO DE HUIMANGUILLO Y PEMEX INAUGURAN ESPACIO RECREATIVO EN EL POBLADO C-40, FRUTO DE COLABORACI\u00d3N INSTITUCIONAL En atenci\u00f3n a una demanda sentida de la comunidad y como resultado de la colaboraci\u00f3n interinstitucional entre el Gobierno de Huimanguillo. 2024 &#8211; 2027 y Petr\u00f3leos Mexicanos, a trav\u00e9s de su Gerencia de Responsabilidad Social, este jueves fue inaugurada [&hellip;]<\/p>\n","protected":false},"author":1,"featured_media":2400,"comment_status":"open","ping_status":"open","sticky":false,"template":"","format":"standard","meta":{"footnotes":""},"categories":[4],"tags":[],"class_list":["post-2399","post","type-post","status-publish","format-standard","has-post-thumbnail","hentry","category-noticias"],"_links":{"self":[{"href":"https:\/\/trabucoradio.com\/home\/index.php?rest_route=\/wp\/v2\/posts\/2399","targetHints":{"allow":["GET"]}}],"collection":[{"href":"https:\/\/trabucoradio.com\/home\/index.php?rest_route=\/wp\/v2\/posts"}],"about":[{"href":"https:\/\/trabucoradio.com\/home\/index.php?rest_route=\/wp\/v2\/types\/post"}],"author":[{"embeddable":true,"href":"https:\/\/trabucoradio.com\/home\/index.php?rest_route=\/wp\/v2\/users\/1"}],"replies":[{"embeddable":true,"href":"https:\/\/trabucoradio.com\/home\/index.php?rest_route=%2Fwp%2Fv2%2Fcomments&post=2399"}],"version-history":[{"count":1,"href":"https:\/\/trabucoradio.com\/home\/index.php?rest_route=\/wp\/v2\/posts\/2399\/revisions"}],"predecessor-version":[{"id":2401,"href":"https:\/\/trabucoradio.com\/home\/index.php?rest_route=\/wp\/v2\/posts\/2399\/revisions\/2401"}],"wp:featuredmedia":[{"embeddable":true,"href":"https:\/\/trabucoradio.com\/home\/index.php?rest_route=\/wp\/v2\/media\/2400"}],"wp:attachment":[{"href":"https:\/\/trabucoradio.com\/home\/index.php?rest_route=%2Fwp%2Fv2%2Fmedia&parent=2399"}],"wp:term":[{"taxonomy":"category","embeddable":true,"href":"https:\/\/trabucoradio.com\/home\/index.php?rest_route=%2Fwp%2Fv2%2Fcategories&post=2399"},{"taxonomy":"post_tag","embeddable":true,"href":"https:\/\/trabucoradio.com\/home\/index.php?rest_route=%2Fwp%2Fv2%2Ftags&post=2399"}],"curies":[{"name":"wp","href":"https:\/\/api.w.org\/{rel}","templated":true}]}}