{"id":2392,"date":"2025-05-09T14:49:52","date_gmt":"2025-05-09T20:49:52","guid":{"rendered":"https:\/\/trabucoradio.com\/home\/?p=2392"},"modified":"2025-05-09T14:49:52","modified_gmt":"2025-05-09T20:49:52","slug":"reconoce-gobernador-javier-may-a-diestros-artesanos-de-paraiso-y-tacotalpa-en-la-feria-tabasco","status":"publish","type":"post","link":"https:\/\/trabucoradio.com\/home\/?p=2392","title":{"rendered":"RECONOCE GOBERNADOR JAVIER MAY A DIESTROS ARTESANOS DE PARA\u00cdSO Y TACOTALPA, EN LA FERIA TABASCO"},"content":{"rendered":"<div class=\"xdj266r x11i5rnm xat24cr x1mh8g0r x1vvkbs x126k92a\">\n<div dir=\"auto\">RECONOCE GOBERNADOR JAVIER MAY A DIESTROS ARTESANOS DE PARA\u00cdSO Y TACOTALPA, EN LA FERIA TABASCO<\/div>\n<div dir=\"auto\"><\/div>\n<\/div>\n<div class=\"x11i5rnm xat24cr x1mh8g0r x1vvkbs xtlvy1s x126k92a\">\n<div dir=\"auto\">En el Foro La Cultural, ante un p\u00fablico cada vez m\u00e1s numeroso, el Gobernador <span class=\"html-span xdj266r x11i5rnm xat24cr x1mh8g0r xexx8yu x4uap5 x18d9i69 xkhd6sd x1hl2dhg x16tdsg8 x1vvkbs\"><a class=\"x1i10hfl xjbqb8w x1ejq31n xd10rxx x1sy0etr x17r0tee x972fbf xcfux6l x1qhh985 xm0m39n x9f619 x1ypdohk xt0psk2 xe8uvvx xdj266r x11i5rnm xat24cr x1mh8g0r xexx8yu x4uap5 x18d9i69 xkhd6sd x16tdsg8 x1hl2dhg xggy1nq x1a2a7pz xkrqix3 x1sur9pj x1fey0fg x1s688f\" tabindex=\"0\" role=\"link\" href=\"https:\/\/www.facebook.com\/TabascoJavier?__cft__[0]=AZU1AW25FW5ufuqeRX0ppVJ1eJFXDbkR3XAhniZSANT9AF1iQ8FiT3fYoXKQ6t8GTgs5ql57xlOW2yGjmlki6lzZuPpDDey7a_Jwc0yh0DiS9-QymuTXE5OnVyksrC6kY8opTzJT-o0iHF-0T9ROhOqDFyS5u5Y06DHyIxB_q7vdcBYoS0174VqHMRyGfGoKcck&amp;__tn__=-]K-R\"><span class=\"xt0psk2\"><span class=\"xjp7ctv\">Javier May Rodr\u00edguez<\/span><\/span><\/a><\/span> continu\u00f3 celebrando el saber ancestral del pueblo, al entregar reconocimientos como personajes distinguidos al para\u00edse\u00f1o Trinidad Santos Maga\u00f1a, pintor que se describi\u00f3 a s\u00ed mismo como dotado naturalmente de sensibilidad y talento, participando hasta en los concursos de carros aleg\u00f3ricos, y al tacotalpense Crisanto Javier Sol\u00eds Mart\u00ednez, maestro diestro para transformar el motusay en muebles elegantes y duraderos, que han hecho de su natal Tapijulapa, reconocido pueblo m\u00e1gico y artesanal.<\/div>\n<div dir=\"auto\"><\/div>\n<\/div>\n<div class=\"x11i5rnm xat24cr x1mh8g0r x1vvkbs xtlvy1s x126k92a\">\n<div dir=\"auto\">Previamente, en compa\u00f1\u00eda de los presidentes municipales Alfonso Baca Sevilla de Para\u00edso, y Ricki Arcos P\u00e9rez de Tacotalpa, junto con el presidente de la Junta de Coordinaci\u00f3n Pol\u00edtica del Congreso del Estado, Jorge Orlando Bracamonte Hern\u00e1ndez y el ramillete de embajadoras, el mandatario se detuvo a un costado del Teatro del Pueblo.<\/div>\n<div dir=\"auto\"><\/div>\n<\/div>\n<div class=\"x11i5rnm xat24cr x1mh8g0r x1vvkbs xtlvy1s x126k92a\">\n<div dir=\"auto\">En ese preciso momento, los voladores de Papantla se dejaban caer del asta de m\u00e1s de 35 metros, con el volador Crisanto de Le\u00f3n Salazar tocando con su carrizo y tambor las puertas de los cuatro elementos: Tierra, agua, sol y aire.<\/div>\n<div dir=\"auto\"><\/div>\n<\/div>\n<div class=\"x11i5rnm xat24cr x1mh8g0r x1vvkbs xtlvy1s x126k92a\">\n<div dir=\"auto\">Los ballets juveniles y de se\u00f1oras del municipio de Para\u00edso hicieron sonar las tarimas del escenario, llevando al p\u00fablico por los bailes de la \u00e9poca, como el vals, el chotis y la polka del norte, mientras que el ballet folcl\u00f3rico municipal Teponaztli y la Marimba Semillero de Tacotalpa sacaron el alma y evocaron una estampa muy singular sobre las mayordom\u00edas en las fiestas tradicionales de anta\u00f1o.<\/div>\n<div dir=\"auto\"><\/div>\n<\/div>\n<div class=\"x11i5rnm xat24cr x1mh8g0r x1vvkbs xtlvy1s x126k92a\">\n<div dir=\"auto\">Y para cerrar la efusividad de las y los tabasque\u00f1os que con tanta danza y estampa sent\u00edan ya el llamado de los pies, cadera y hombros, apareci\u00f3 Chemaney para que nadie se quedara sin bailar en una noche de fiesta y ritmos. \u00ab\u00a1Vueltecita, cadereo, vueltecita, cadereo!\u00bb.<\/div>\n<\/div>\n","protected":false},"excerpt":{"rendered":"<p>RECONOCE GOBERNADOR JAVIER MAY A DIESTROS ARTESANOS DE PARA\u00cdSO Y TACOTALPA, EN LA FERIA TABASCO En el Foro La Cultural, ante un p\u00fablico cada vez m\u00e1s numeroso, el Gobernador Javier May Rodr\u00edguez continu\u00f3 celebrando el saber ancestral del pueblo, al entregar reconocimientos como personajes distinguidos al para\u00edse\u00f1o Trinidad Santos Maga\u00f1a, pintor que se describi\u00f3 a [&hellip;]<\/p>\n","protected":false},"author":1,"featured_media":2393,"comment_status":"open","ping_status":"open","sticky":false,"template":"","format":"standard","meta":{"footnotes":""},"categories":[3],"tags":[],"class_list":["post-2392","post","type-post","status-publish","format-standard","has-post-thumbnail","hentry","category-politica"],"_links":{"self":[{"href":"https:\/\/trabucoradio.com\/home\/index.php?rest_route=\/wp\/v2\/posts\/2392","targetHints":{"allow":["GET"]}}],"collection":[{"href":"https:\/\/trabucoradio.com\/home\/index.php?rest_route=\/wp\/v2\/posts"}],"about":[{"href":"https:\/\/trabucoradio.com\/home\/index.php?rest_route=\/wp\/v2\/types\/post"}],"author":[{"embeddable":true,"href":"https:\/\/trabucoradio.com\/home\/index.php?rest_route=\/wp\/v2\/users\/1"}],"replies":[{"embeddable":true,"href":"https:\/\/trabucoradio.com\/home\/index.php?rest_route=%2Fwp%2Fv2%2Fcomments&post=2392"}],"version-history":[{"count":1,"href":"https:\/\/trabucoradio.com\/home\/index.php?rest_route=\/wp\/v2\/posts\/2392\/revisions"}],"predecessor-version":[{"id":2394,"href":"https:\/\/trabucoradio.com\/home\/index.php?rest_route=\/wp\/v2\/posts\/2392\/revisions\/2394"}],"wp:featuredmedia":[{"embeddable":true,"href":"https:\/\/trabucoradio.com\/home\/index.php?rest_route=\/wp\/v2\/media\/2393"}],"wp:attachment":[{"href":"https:\/\/trabucoradio.com\/home\/index.php?rest_route=%2Fwp%2Fv2%2Fmedia&parent=2392"}],"wp:term":[{"taxonomy":"category","embeddable":true,"href":"https:\/\/trabucoradio.com\/home\/index.php?rest_route=%2Fwp%2Fv2%2Fcategories&post=2392"},{"taxonomy":"post_tag","embeddable":true,"href":"https:\/\/trabucoradio.com\/home\/index.php?rest_route=%2Fwp%2Fv2%2Ftags&post=2392"}],"curies":[{"name":"wp","href":"https:\/\/api.w.org\/{rel}","templated":true}]}}