{"id":2389,"date":"2025-05-09T14:47:54","date_gmt":"2025-05-09T20:47:54","guid":{"rendered":"https:\/\/trabucoradio.com\/home\/?p=2389"},"modified":"2025-05-09T14:47:54","modified_gmt":"2025-05-09T20:47:54","slug":"da-javier-may-banderazo-de-salida-a-construccion-del-puente-el-naranjeno-ii-en-cardenas","status":"publish","type":"post","link":"https:\/\/trabucoradio.com\/home\/?p=2389","title":{"rendered":"DA JAVIER MAY BANDERAZO DE SALIDA A CONSTRUCCI\u00d3N DEL PUENTE \u201cEL NARANJE\u00d1O II\u201d EN C\u00c1RDENAS\u00a0"},"content":{"rendered":"<div class=\"xdj266r x11i5rnm xat24cr x1mh8g0r x1vvkbs x126k92a\">\n<div dir=\"auto\">DA JAVIER MAY BANDERAZO DE SALIDA A CONSTRUCCI\u00d3N DEL PUENTE \u201cEL NARANJE\u00d1O II\u201d EN C\u00c1RDENAS<\/div>\n<div dir=\"auto\"><\/div>\n<\/div>\n<div class=\"x11i5rnm xat24cr x1mh8g0r x1vvkbs xtlvy1s x126k92a\">\n<div dir=\"auto\">Este viernes se dio el banderazo de inicio a la construcci\u00f3n del puente tubular \u00abEl Naranje\u00f1o II\u00bb, una obra de gran relevancia para <span class=\"html-span xdj266r x11i5rnm xat24cr x1mh8g0r xexx8yu x4uap5 x18d9i69 xkhd6sd x1hl2dhg x16tdsg8 x1vvkbs\"><a class=\"x1i10hfl xjbqb8w x1ejq31n xd10rxx x1sy0etr x17r0tee x972fbf xcfux6l x1qhh985 xm0m39n x9f619 x1ypdohk xt0psk2 xe8uvvx xdj266r x11i5rnm xat24cr x1mh8g0r xexx8yu x4uap5 x18d9i69 xkhd6sd x16tdsg8 x1hl2dhg xggy1nq x1a2a7pz xkrqix3 x1sur9pj x1fey0fg x1s688f\" tabindex=\"0\" role=\"link\" href=\"https:\/\/www.facebook.com\/hashtag\/c%C3%A1rdenas?__eep__=6&amp;__cft__[0]=AZUM5ZYp7H9vXOo8rBPEowxyShS0gi7X_lZpr66LseK9MFLKydtLgCY1hBCJGhqUH64ZXHfTLU7LrislkFiZM3izK3qacWqWuGnXedKo6vF58VA819oe-h917S8rbPXfWEypj1vIV1CqSvkjKkz77ZAdLRBQnMRF7JBqb3-izlJZe1bnngVjPo3dYgQcDicB_pY&amp;__tn__=*NK-R\">C\u00e1rdenas<\/a><\/span>, que conectar\u00e1 al poblado C-11 con la comunidad de El Naranje\u00f1o, en la segunda secci\u00f3n \u201cB\u201d. El acto estuvo encabezado por el gobernador del estado, <span class=\"html-span xdj266r x11i5rnm xat24cr x1mh8g0r xexx8yu x4uap5 x18d9i69 xkhd6sd x1hl2dhg x16tdsg8 x1vvkbs\"><a class=\"x1i10hfl xjbqb8w x1ejq31n xd10rxx x1sy0etr x17r0tee x972fbf xcfux6l x1qhh985 xm0m39n x9f619 x1ypdohk xt0psk2 xe8uvvx xdj266r x11i5rnm xat24cr x1mh8g0r xexx8yu x4uap5 x18d9i69 xkhd6sd x16tdsg8 x1hl2dhg xggy1nq x1a2a7pz xkrqix3 x1sur9pj x1fey0fg x1s688f\" tabindex=\"0\" role=\"link\" href=\"https:\/\/www.facebook.com\/TabascoJavier?__cft__[0]=AZUM5ZYp7H9vXOo8rBPEowxyShS0gi7X_lZpr66LseK9MFLKydtLgCY1hBCJGhqUH64ZXHfTLU7LrislkFiZM3izK3qacWqWuGnXedKo6vF58VA819oe-h917S8rbPXfWEypj1vIV1CqSvkjKkz77ZAdLRBQnMRF7JBqb3-izlJZe1bnngVjPo3dYgQcDicB_pY&amp;__tn__=-]K-R\"><span class=\"xt0psk2\"><span class=\"xjp7ctv\">Javier May Rodr\u00edguez<\/span><\/span><\/a><\/span>, en compa\u00f1\u00eda del presidente municipal, <span class=\"html-span xdj266r x11i5rnm xat24cr x1mh8g0r xexx8yu x4uap5 x18d9i69 xkhd6sd x1hl2dhg x16tdsg8 x1vvkbs\"><a class=\"x1i10hfl xjbqb8w x1ejq31n xd10rxx x1sy0etr x17r0tee x972fbf xcfux6l x1qhh985 xm0m39n x9f619 x1ypdohk xt0psk2 xe8uvvx xdj266r x11i5rnm xat24cr x1mh8g0r xexx8yu x4uap5 x18d9i69 xkhd6sd x16tdsg8 x1hl2dhg xggy1nq x1a2a7pz xkrqix3 x1sur9pj x1fey0fg x1s688f\" tabindex=\"0\" role=\"link\" href=\"https:\/\/www.facebook.com\/EuclidesAlejandroA?__cft__[0]=AZUM5ZYp7H9vXOo8rBPEowxyShS0gi7X_lZpr66LseK9MFLKydtLgCY1hBCJGhqUH64ZXHfTLU7LrislkFiZM3izK3qacWqWuGnXedKo6vF58VA819oe-h917S8rbPXfWEypj1vIV1CqSvkjKkz77ZAdLRBQnMRF7JBqb3-izlJZe1bnngVjPo3dYgQcDicB_pY&amp;__tn__=-]K-R\"><span class=\"xt0psk2\"><span class=\"xjp7ctv\">Euclides Alejandro Alejandro<\/span><\/span><\/a><\/span>, as\u00ed como del titular de la Secretar\u00eda de Ordenamiento Territorial y Obras P\u00fablicas, Daniel Casas\u00fas Ruz.<\/div>\n<div dir=\"auto\"><\/div>\n<\/div>\n<div class=\"x11i5rnm xat24cr x1mh8g0r x1vvkbs xtlvy1s x126k92a\">\n<div dir=\"auto\">La obra se desarrollar\u00e1 en el camino W-75, entre los tramos N-5 y N-23, y contar\u00e1 con una inversi\u00f3n estatal de 48 millones de pesos. Se estima que beneficiar\u00e1 directamente a m\u00e1s de 9,600 habitantes de la zona, quienes actualmente deben cruzar el afluente en cayuco o panga, enfrentando condiciones precarias de movilidad.<\/div>\n<div dir=\"auto\"><\/div>\n<\/div>\n<div class=\"x11i5rnm xat24cr x1mh8g0r x1vvkbs xtlvy1s x126k92a\">\n<div dir=\"auto\">Con este nuevo puente, se fortalecer\u00e1 la conexi\u00f3n entre las secciones A y B del Naranje\u00f1o, facilitando el traslado de personas y mercanc\u00edas, adem\u00e1s de impulsar las actividades econ\u00f3micas relacionadas con la agricultura y la pesca, sectores fundamentales para la econom\u00eda local.<\/div>\n<div dir=\"auto\"><\/div>\n<\/div>\n<div class=\"x11i5rnm xat24cr x1mh8g0r x1vvkbs xtlvy1s x126k92a\">\n<div dir=\"auto\">Durante el evento, el <span class=\"html-span xdj266r x11i5rnm xat24cr x1mh8g0r xexx8yu x4uap5 x18d9i69 xkhd6sd x1hl2dhg x16tdsg8 x1vvkbs\"><a class=\"x1i10hfl xjbqb8w x1ejq31n xd10rxx x1sy0etr x17r0tee x972fbf xcfux6l x1qhh985 xm0m39n x9f619 x1ypdohk xt0psk2 xe8uvvx xdj266r x11i5rnm xat24cr x1mh8g0r xexx8yu x4uap5 x18d9i69 xkhd6sd x16tdsg8 x1hl2dhg xggy1nq x1a2a7pz xkrqix3 x1sur9pj x1fey0fg x1s688f\" tabindex=\"0\" role=\"link\" href=\"https:\/\/www.facebook.com\/gobiernodetabasco?__cft__[0]=AZUM5ZYp7H9vXOo8rBPEowxyShS0gi7X_lZpr66LseK9MFLKydtLgCY1hBCJGhqUH64ZXHfTLU7LrislkFiZM3izK3qacWqWuGnXedKo6vF58VA819oe-h917S8rbPXfWEypj1vIV1CqSvkjKkz77ZAdLRBQnMRF7JBqb3-izlJZe1bnngVjPo3dYgQcDicB_pY&amp;__tn__=-]K-R\"><span class=\"xt0psk2\"><span class=\"xjp7ctv\">Gobierno Del Estado De Tabasco<\/span><\/span><\/a><\/span> reafirm\u00f3 el compromiso de su administraci\u00f3n con las comunidades tabasque\u00f1as, destacando que \u201cel pueblo nunca m\u00e1s estar\u00e1 solo\u201d. Esta obra forma parte de una serie de acciones hist\u00f3ricas emprendidas para mejorar la infraestructura y calidad de vida en las zonas rurales del estado.<\/div>\n<\/div>\n","protected":false},"excerpt":{"rendered":"<p>DA JAVIER MAY BANDERAZO DE SALIDA A CONSTRUCCI\u00d3N DEL PUENTE \u201cEL NARANJE\u00d1O II\u201d EN C\u00c1RDENAS Este viernes se dio el banderazo de inicio a la construcci\u00f3n del puente tubular \u00abEl Naranje\u00f1o II\u00bb, una obra de gran relevancia para C\u00e1rdenas, que conectar\u00e1 al poblado C-11 con la comunidad de El Naranje\u00f1o, en la segunda secci\u00f3n \u201cB\u201d. [&hellip;]<\/p>\n","protected":false},"author":1,"featured_media":2390,"comment_status":"open","ping_status":"open","sticky":false,"template":"","format":"standard","meta":{"footnotes":""},"categories":[3],"tags":[],"class_list":["post-2389","post","type-post","status-publish","format-standard","has-post-thumbnail","hentry","category-politica"],"_links":{"self":[{"href":"https:\/\/trabucoradio.com\/home\/index.php?rest_route=\/wp\/v2\/posts\/2389","targetHints":{"allow":["GET"]}}],"collection":[{"href":"https:\/\/trabucoradio.com\/home\/index.php?rest_route=\/wp\/v2\/posts"}],"about":[{"href":"https:\/\/trabucoradio.com\/home\/index.php?rest_route=\/wp\/v2\/types\/post"}],"author":[{"embeddable":true,"href":"https:\/\/trabucoradio.com\/home\/index.php?rest_route=\/wp\/v2\/users\/1"}],"replies":[{"embeddable":true,"href":"https:\/\/trabucoradio.com\/home\/index.php?rest_route=%2Fwp%2Fv2%2Fcomments&post=2389"}],"version-history":[{"count":1,"href":"https:\/\/trabucoradio.com\/home\/index.php?rest_route=\/wp\/v2\/posts\/2389\/revisions"}],"predecessor-version":[{"id":2391,"href":"https:\/\/trabucoradio.com\/home\/index.php?rest_route=\/wp\/v2\/posts\/2389\/revisions\/2391"}],"wp:featuredmedia":[{"embeddable":true,"href":"https:\/\/trabucoradio.com\/home\/index.php?rest_route=\/wp\/v2\/media\/2390"}],"wp:attachment":[{"href":"https:\/\/trabucoradio.com\/home\/index.php?rest_route=%2Fwp%2Fv2%2Fmedia&parent=2389"}],"wp:term":[{"taxonomy":"category","embeddable":true,"href":"https:\/\/trabucoradio.com\/home\/index.php?rest_route=%2Fwp%2Fv2%2Fcategories&post=2389"},{"taxonomy":"post_tag","embeddable":true,"href":"https:\/\/trabucoradio.com\/home\/index.php?rest_route=%2Fwp%2Fv2%2Ftags&post=2389"}],"curies":[{"name":"wp","href":"https:\/\/api.w.org\/{rel}","templated":true}]}}