{"id":2386,"date":"2025-05-09T14:45:27","date_gmt":"2025-05-09T20:45:27","guid":{"rendered":"https:\/\/trabucoradio.com\/home\/?p=2386"},"modified":"2025-05-09T14:45:27","modified_gmt":"2025-05-09T20:45:27","slug":"inunda-la-alegria-las-calles-de-comalcalco-por-tradicional-desfile-de-carros-alegoricos","status":"publish","type":"post","link":"https:\/\/trabucoradio.com\/home\/?p=2386","title":{"rendered":"INUNDA LA ALEGR\u00cdA LAS CALLES DE COMALCALCO POR TRADICIONAL DESFILE DE CARROS ALEG\u00d3RICOS"},"content":{"rendered":"<div class=\"xdj266r x11i5rnm xat24cr x1mh8g0r x1vvkbs x126k92a\">\n<div dir=\"auto\">INUNDA LA ALEGR\u00cdA LAS CALLES DE COMALCALCO POR TRADICIONAL DESFILE DE CARROS ALEG\u00d3RICOS<\/div>\n<div dir=\"auto\"><\/div>\n<\/div>\n<div class=\"x11i5rnm xat24cr x1mh8g0r x1vvkbs xtlvy1s x126k92a\">\n<div dir=\"auto\">En un ambiente de algarab\u00eda y sana convivencia familiar, miles de comalcalquenses salieron a disfrutar del tradicional paseo de Carros Aleg\u00f3ricos de las aspirantes a Flor del Cacao 2025, quienes desfilaron en vistosas y coloridas plataformas.<\/div>\n<div dir=\"auto\"><\/div>\n<\/div>\n<div class=\"x11i5rnm xat24cr x1mh8g0r x1vvkbs xtlvy1s x126k92a\">\n<div dir=\"auto\">Al ritmo de la m\u00fasica tabasque\u00f1a y de los aplausos de los asistentes, las aspirantes del <span class=\"html-span xdj266r x11i5rnm xat24cr x1mh8g0r xexx8yu x4uap5 x18d9i69 xkhd6sd x1hl2dhg x16tdsg8 x1vvkbs\"><a class=\"x1i10hfl xjbqb8w x1ejq31n xd10rxx x1sy0etr x17r0tee x972fbf xcfux6l x1qhh985 xm0m39n x9f619 x1ypdohk xt0psk2 xe8uvvx xdj266r x11i5rnm xat24cr x1mh8g0r xexx8yu x4uap5 x18d9i69 xkhd6sd x16tdsg8 x1hl2dhg xggy1nq x1a2a7pz xkrqix3 x1sur9pj x1fey0fg x1s688f\" tabindex=\"0\" role=\"link\" href=\"https:\/\/www.facebook.com\/ComalcalcoMX?__cft__[0]=AZXHIGMCg85Mf9I-YvNzIIbSH9QFL9qrfh3KSvw-W4hYntuoFKffsXiXDlhKpgUuww_g1eDkhNdso-u0ROto8FXSXEApr2O0-9IfMIyn_xbUeT4sGrrXiiCT4QJQnN6T40DMRdf5KmDaxUeEuxGZVrBBzFmGyU-7PKfw6HyqU3zC-QTdHLNSu6B6fJOuMT0QjC8&amp;__tn__=-]K-R\"><span class=\"xt0psk2\"><span class=\"xjp7ctv\">Ayuntamiento Constitucional de Comalcalco<\/span><\/span><\/a><\/span> se presentaron elegantemente vestidas ante el p\u00fablico que se dio cita en el boulevard Leandro Rovirosa Wade para echarles porras.<\/div>\n<div dir=\"auto\"><\/div>\n<\/div>\n<div class=\"x11i5rnm xat24cr x1mh8g0r x1vvkbs xtlvy1s x126k92a\">\n<div dir=\"auto\">Los asistentes tambi\u00e9n admiraron una peque\u00f1a nuestra del enorme talento de los artesanos del municipio, quienes pusieron todo su empe\u00f1o y creatividad para adornar aut\u00e9nticamente los Carros Aleg\u00f3ricos.<\/div>\n<div dir=\"auto\"><\/div>\n<\/div>\n<div class=\"x11i5rnm xat24cr x1mh8g0r x1vvkbs xtlvy1s x126k92a\">\n<div dir=\"auto\">El Desfile de Carros Aleg\u00f3ricos de este a\u00f1o se caracteriz\u00f3 por el contacto cercano que las hermosas participantes tuvieron con la gente, quienes tambi\u00e9n despidieron con una andanada de aplausos a Gillena \u00c1lvarez como Flor del Cacao 2024.<\/div>\n<div dir=\"auto\"><\/div>\n<\/div>\n<div class=\"x11i5rnm xat24cr x1mh8g0r x1vvkbs xtlvy1s x126k92a\">\n<div dir=\"auto\">Al final, el jurado emiti\u00f3 su veredicto y los carros aleg\u00f3ricos ganadores de los tres primeros lugares fueron \u201cMi r\u00edo Tular de anta\u00f1o\u201d de Aldama, de los artesanos Mar\u00eda del Socorro Cano y Jos\u00e9 Alberto C\u00f3rdova; \u201cEl caca\u00edto\u201d de Oriente, del artesano Jorge P\u00e9rez Garc\u00eda (Coky), y \u201cLa camaronera\u201d de Guayo, del colectivo art\u00edstico \u201cZapatitos\u201d.<\/div>\n<div dir=\"auto\"><\/div>\n<\/div>\n<div class=\"x11i5rnm xat24cr x1mh8g0r x1vvkbs xtlvy1s x126k92a\">\n<div dir=\"auto\">Es as\u00ed como todo se encuentra listo para que el pr\u00f3ximo s\u00e1bado 10 de mayo, en el estadio de b\u00e9isbol Antonio Valenzuela Alamilla, los comalcalquenses elijan a la que durante un a\u00f1o llevar\u00e1 el t\u00edtulo de Flor del Cacao 2025.<\/div>\n<\/div>\n","protected":false},"excerpt":{"rendered":"<p>INUNDA LA ALEGR\u00cdA LAS CALLES DE COMALCALCO POR TRADICIONAL DESFILE DE CARROS ALEG\u00d3RICOS En un ambiente de algarab\u00eda y sana convivencia familiar, miles de comalcalquenses salieron a disfrutar del tradicional paseo de Carros Aleg\u00f3ricos de las aspirantes a Flor del Cacao 2025, quienes desfilaron en vistosas y coloridas plataformas. Al ritmo de la m\u00fasica tabasque\u00f1a [&hellip;]<\/p>\n","protected":false},"author":1,"featured_media":2387,"comment_status":"open","ping_status":"open","sticky":false,"template":"","format":"standard","meta":{"footnotes":""},"categories":[4],"tags":[],"class_list":["post-2386","post","type-post","status-publish","format-standard","has-post-thumbnail","hentry","category-noticias"],"_links":{"self":[{"href":"https:\/\/trabucoradio.com\/home\/index.php?rest_route=\/wp\/v2\/posts\/2386","targetHints":{"allow":["GET"]}}],"collection":[{"href":"https:\/\/trabucoradio.com\/home\/index.php?rest_route=\/wp\/v2\/posts"}],"about":[{"href":"https:\/\/trabucoradio.com\/home\/index.php?rest_route=\/wp\/v2\/types\/post"}],"author":[{"embeddable":true,"href":"https:\/\/trabucoradio.com\/home\/index.php?rest_route=\/wp\/v2\/users\/1"}],"replies":[{"embeddable":true,"href":"https:\/\/trabucoradio.com\/home\/index.php?rest_route=%2Fwp%2Fv2%2Fcomments&post=2386"}],"version-history":[{"count":1,"href":"https:\/\/trabucoradio.com\/home\/index.php?rest_route=\/wp\/v2\/posts\/2386\/revisions"}],"predecessor-version":[{"id":2388,"href":"https:\/\/trabucoradio.com\/home\/index.php?rest_route=\/wp\/v2\/posts\/2386\/revisions\/2388"}],"wp:featuredmedia":[{"embeddable":true,"href":"https:\/\/trabucoradio.com\/home\/index.php?rest_route=\/wp\/v2\/media\/2387"}],"wp:attachment":[{"href":"https:\/\/trabucoradio.com\/home\/index.php?rest_route=%2Fwp%2Fv2%2Fmedia&parent=2386"}],"wp:term":[{"taxonomy":"category","embeddable":true,"href":"https:\/\/trabucoradio.com\/home\/index.php?rest_route=%2Fwp%2Fv2%2Fcategories&post=2386"},{"taxonomy":"post_tag","embeddable":true,"href":"https:\/\/trabucoradio.com\/home\/index.php?rest_route=%2Fwp%2Fv2%2Ftags&post=2386"}],"curies":[{"name":"wp","href":"https:\/\/api.w.org\/{rel}","templated":true}]}}