{"id":2195,"date":"2025-04-30T15:05:25","date_gmt":"2025-04-30T21:05:25","guid":{"rendered":"https:\/\/trabucoradio.com\/home\/?p=2195"},"modified":"2025-04-30T15:05:25","modified_gmt":"2025-04-30T21:05:25","slug":"se-afianza-en-comalcalco-el-proyecto-de-transformacion-ovidio-peralta","status":"publish","type":"post","link":"https:\/\/trabucoradio.com\/home\/?p=2195","title":{"rendered":"SE AFIANZA EN COMALCALCO EL PROYECTO DE TRANSFORMACI\u00d3N: OVIDIO PERALTA"},"content":{"rendered":"<div class=\"xdj266r x11i5rnm xat24cr x1mh8g0r x1vvkbs x126k92a\">\n<div dir=\"auto\">SE AFIANZA EN COMALCALCO EL PROYECTO DE TRANSFORMACI\u00d3N: OVIDIO PERALTA<\/div>\n<div dir=\"auto\"><\/div>\n<\/div>\n<div class=\"x11i5rnm xat24cr x1mh8g0r x1vvkbs xtlvy1s x126k92a\">\n<div dir=\"auto\">\u2022 El alcalde rindi\u00f3 el Informe de sus primeros 200 d\u00edas de Gobierno, durante el que afirm\u00f3 que est\u00e1 centrado en mejorar las condiciones de vida de sus paisanos<\/div>\n<\/div>\n<div class=\"x11i5rnm xat24cr x1mh8g0r x1vvkbs xtlvy1s x126k92a\">\n<div dir=\"auto\">A mantener un gobierno inclusivo, honesto, transparente y cercano al pueblo, se comprometi\u00f3 el alcalde <span class=\"html-span xdj266r x11i5rnm xat24cr x1mh8g0r xexx8yu x4uap5 x18d9i69 xkhd6sd x1hl2dhg x16tdsg8 x1vvkbs\"><a class=\"x1i10hfl xjbqb8w x1ejq31n xd10rxx x1sy0etr x17r0tee x972fbf xcfux6l x1qhh985 xm0m39n x9f619 x1ypdohk xt0psk2 xe8uvvx xdj266r x11i5rnm xat24cr x1mh8g0r xexx8yu x4uap5 x18d9i69 xkhd6sd x16tdsg8 x1hl2dhg xggy1nq x1a2a7pz xkrqix3 x1sur9pj x1fey0fg x1s688f\" tabindex=\"0\" role=\"link\" href=\"https:\/\/www.facebook.com\/OvidioPeraltaS?__cft__[0]=AZXHNx4bLlk6RzVZ2fgBAXPhZNEiLk0Lp0oDquwM_HZam6xZwpv-Qd4JvKVKYVKoWj6u5Z7kGhAP8iN9bt2eGOGucImh85eJm45HaHBs-zKwgLiWKxttqlz4ylBTsreH-iUrhQR1quvAZlYrRJMXYoCLbyu3OOTjjesxgJl_OWsfAn9WHzIvsFII7VmWcFAOEUA&amp;__tn__=-]K-R\"><span class=\"xt0psk2\"><span class=\"xjp7ctv\">Ovidio Peralta Su\u00e1rez<\/span><\/span><\/a><\/span>, quien rindi\u00f3 el informe de sus primeros 200 d\u00edas al frente de Comalcalco, durante el que tambi\u00e9n afirm\u00f3 que dar\u00e1 continuidad al proyecto de transformaci\u00f3n que viven M\u00e9xico y Tabasco.<\/div>\n<div dir=\"auto\"><\/div>\n<\/div>\n<div class=\"x11i5rnm xat24cr x1mh8g0r x1vvkbs xtlvy1s x126k92a\">\n<div dir=\"auto\">Desde la hist\u00f3rica Villa Aldama, el alcalde del Ayuntamiento Constitucional de Comalcalco, afirm\u00f3 que mantendr\u00e1 los principios del movimiento al que pertenece, bajo la batuta de la presidenta Claudia Sheinbaum y el gobernador Javier May, en el sentido de abatir la marginaci\u00f3n, abrir espacios a la participaci\u00f3n ciudadana, y combatir corrupci\u00f3n e inseguridad.<\/div>\n<div dir=\"auto\"><\/div>\n<\/div>\n<div class=\"x11i5rnm xat24cr x1mh8g0r x1vvkbs xtlvy1s x126k92a\">\n<div dir=\"auto\">Nos critican acerca de los programas de bienestar y de las obras de infraestructura, o sobre si voy a dejar el gobierno para irme a la Ciudad de M\u00e9xico; esos argumentos se acaban cuando ven los resultados que damos, dijo al cerrar el camino a cualquier especulaci\u00f3n y zanjar el tema de que dejar\u00e1 la presidencia municipal.<\/div>\n<div dir=\"auto\"><\/div>\n<\/div>\n<div class=\"x11i5rnm xat24cr x1mh8g0r x1vvkbs xtlvy1s x126k92a\">\n<div dir=\"auto\">Destac\u00f3 logros como el que la inversi\u00f3n en infraestructura para este 2025 ser\u00e1 hist\u00f3rica, pues ser\u00e1n ejercidos m\u00e1s de 300 millones de pesos &#8211;adicionales a otros 700 millones federales y estatales&#8211; en materia de obra p\u00fablica, sin contar que \u201ctambi\u00e9n haremos historia en programas sociales\u201d.<\/div>\n<div dir=\"auto\"><\/div>\n<\/div>\n<div class=\"x11i5rnm xat24cr x1mh8g0r x1vvkbs xtlvy1s x126k92a\">\n<div dir=\"auto\">Durante la asamblea informativa, puntualiz\u00f3 que est\u00e1 centrado en mejorar las condiciones del pueblo de Comalcalco, a trav\u00e9s del impulso al respeto y defensa de los derechos humanos, de la inclusi\u00f3n de los grupos vulnerables, del compromiso con la transparencia y del combate a las malas pr\u00e1cticas de gobierno.<\/div>\n<div dir=\"auto\"><\/div>\n<\/div>\n<div class=\"x11i5rnm xat24cr x1mh8g0r x1vvkbs xtlvy1s x126k92a\">\n<div dir=\"auto\">\u201cSi\u00e9ntanse orgullosos de nuestro movimiento, porque la mayor parte del presupuesto est\u00e1 destinado al pueblo, que est\u00e1 en el centro de todas nuestras pol\u00edticas p\u00fablicas\u201d, asent\u00f3 al asegurar que el bien de los comalcalquenses es lo que mueve su administraci\u00f3n.<\/div>\n<div dir=\"auto\"><\/div>\n<\/div>\n<div class=\"x11i5rnm xat24cr x1mh8g0r x1vvkbs xtlvy1s x126k92a\">\n<div dir=\"auto\">Ante mujeres y hombres empresarios, l\u00edderes de la sociedad civil, profesionistas, ganaderos, agricultores, maestros, estudiantes y emprendedores, Ovidio Peralta asever\u00f3 que su gobierno sigue construyendo sobre bases firmes un proyecto que ha dado resultados tangibles desde 2016.<\/div>\n<div dir=\"auto\"><\/div>\n<\/div>\n<div class=\"x11i5rnm xat24cr x1mh8g0r x1vvkbs xtlvy1s x126k92a\">\n<div dir=\"auto\">Vamos a cumplir, con inteligencia, determinaci\u00f3n e innovaci\u00f3n nuestras promesas, asegur\u00f3 tras expresar que devolver la seguridad al pueblo de Comalcalco es un compromiso indeclinable \u201cy aunque sabemos que la inseguridad no tiene un switch de encendido o apagado, estamos atendiendo las causas que la generan\u201d.<\/div>\n<div dir=\"auto\"><\/div>\n<\/div>\n<div class=\"x11i5rnm xat24cr x1mh8g0r x1vvkbs xtlvy1s x126k92a\">\n<div dir=\"auto\">Luego de agradecer la comprensi\u00f3n de su familia por el tiempo dedicado a las tareas de gobierno, dijo que desde el primer d\u00eda de la actual administraci\u00f3n se ha enfocado en mejorar las finanzas, dar orden a los procesos, priorizar la inversi\u00f3n sobre el gasto corriente y fortalecer las buenas condiciones administrativas.<\/div>\n<div dir=\"auto\"><\/div>\n<\/div>\n<div class=\"x11i5rnm xat24cr x1mh8g0r x1vvkbs xtlvy1s x126k92a\">\n<div dir=\"auto\">En ese sentido, Ovidio Peralta resalt\u00f3 que estos primeros 200 d\u00edas han marcado el rumbo hacia un Comalcalco pr\u00f3spero, inclusivo y de oportunidades, por lo que \u201cseguiremos redoblando esfuerzos para impulsar la calidad de vida y asegurar un futuro mejor para todas y todos los habitantes de nuestro municipio\u201d.<\/div>\n<div dir=\"auto\"><\/div>\n<\/div>\n<div class=\"x11i5rnm xat24cr x1mh8g0r x1vvkbs xtlvy1s x126k92a\">\n<div dir=\"auto\">En Comalcalco existe un compromiso con la transparencia y la rendici\u00f3n de cuentas, y promotor del cuidado del medio ambiente, indic\u00f3 Ovidio Peralta al afirmar que entre los logros destaca un incremento de 70 por ciento en materia de recaudaci\u00f3n, lo que representa 18 millones adicionales al estimado para los primeros tres meses.<\/div>\n<div dir=\"auto\"><\/div>\n<\/div>\n<div class=\"x11i5rnm xat24cr x1mh8g0r x1vvkbs xtlvy1s x126k92a\">\n<div dir=\"auto\">Ello permiti\u00f3 aumentar el sueldo a los trabajadores del Ayuntamiento que menos ganaban, adquirir cinco camiones recolectores,15 autom\u00f3viles y pickups, 30 patrullas y moto patrullas, as\u00ed como computadoras y muebles de oficina, coment\u00f3 Ovidio Peralta.<\/div>\n<div dir=\"auto\"><\/div>\n<\/div>\n<div class=\"x11i5rnm xat24cr x1mh8g0r x1vvkbs xtlvy1s x126k92a\">\n<div dir=\"auto\">Indic\u00f3 que, aunque las transformaciones no se pueden lograr de la noche a la ma\u00f1ana, con el enfoque de la inversi\u00f3n en \u00e1reas clave se est\u00e1n dando pasos en la direcci\u00f3n correcta para seguir avanzando en materia social y econ\u00f3mica, y priorizar acciones educativas, culturales y en favor de grupos vulnerables.<\/div>\n<div dir=\"auto\"><\/div>\n<\/div>\n<div class=\"x11i5rnm xat24cr x1mh8g0r x1vvkbs xtlvy1s x126k92a\">\n<div dir=\"auto\">Dijo que Comalcalco tiene oportunidades de crecimiento en la industria petroqu\u00edmica y log\u00edstica, debido a su cercan\u00eda con la Refiner\u00eda de Dos Bocas y el Tren Chontalpa-Dos Bocas, por lo que puede convertirse en un polo de desarrollo log\u00edstico en el sureste.<\/div>\n<div dir=\"auto\"><\/div>\n<\/div>\n<div class=\"x11i5rnm xat24cr x1mh8g0r x1vvkbs xtlvy1s x126k92a\">\n<div dir=\"auto\">Finalmente, en atenci\u00f3n a la demanda de vivienda, los gobiernos de Claudia Sheinbaum y Javier May construir\u00e1n 64 mil 500 casas en Tabasco, de las cuales tres mil 500 ser\u00e1n para Comalcalco, indic\u00f3 al expresar que su gobierno no aflojar\u00e1 el paso en la meta de propiciar desarrollo a las familias comalcalquenses.<\/div>\n<\/div>\n","protected":false},"excerpt":{"rendered":"<p>SE AFIANZA EN COMALCALCO EL PROYECTO DE TRANSFORMACI\u00d3N: OVIDIO PERALTA \u2022 El alcalde rindi\u00f3 el Informe de sus primeros 200 d\u00edas de Gobierno, durante el que afirm\u00f3 que est\u00e1 centrado en mejorar las condiciones de vida de sus paisanos A mantener un gobierno inclusivo, honesto, transparente y cercano al pueblo, se comprometi\u00f3 el alcalde Ovidio [&hellip;]<\/p>\n","protected":false},"author":1,"featured_media":2196,"comment_status":"open","ping_status":"open","sticky":false,"template":"","format":"standard","meta":{"footnotes":""},"categories":[3],"tags":[],"class_list":["post-2195","post","type-post","status-publish","format-standard","has-post-thumbnail","hentry","category-politica"],"_links":{"self":[{"href":"https:\/\/trabucoradio.com\/home\/index.php?rest_route=\/wp\/v2\/posts\/2195","targetHints":{"allow":["GET"]}}],"collection":[{"href":"https:\/\/trabucoradio.com\/home\/index.php?rest_route=\/wp\/v2\/posts"}],"about":[{"href":"https:\/\/trabucoradio.com\/home\/index.php?rest_route=\/wp\/v2\/types\/post"}],"author":[{"embeddable":true,"href":"https:\/\/trabucoradio.com\/home\/index.php?rest_route=\/wp\/v2\/users\/1"}],"replies":[{"embeddable":true,"href":"https:\/\/trabucoradio.com\/home\/index.php?rest_route=%2Fwp%2Fv2%2Fcomments&post=2195"}],"version-history":[{"count":1,"href":"https:\/\/trabucoradio.com\/home\/index.php?rest_route=\/wp\/v2\/posts\/2195\/revisions"}],"predecessor-version":[{"id":2197,"href":"https:\/\/trabucoradio.com\/home\/index.php?rest_route=\/wp\/v2\/posts\/2195\/revisions\/2197"}],"wp:featuredmedia":[{"embeddable":true,"href":"https:\/\/trabucoradio.com\/home\/index.php?rest_route=\/wp\/v2\/media\/2196"}],"wp:attachment":[{"href":"https:\/\/trabucoradio.com\/home\/index.php?rest_route=%2Fwp%2Fv2%2Fmedia&parent=2195"}],"wp:term":[{"taxonomy":"category","embeddable":true,"href":"https:\/\/trabucoradio.com\/home\/index.php?rest_route=%2Fwp%2Fv2%2Fcategories&post=2195"},{"taxonomy":"post_tag","embeddable":true,"href":"https:\/\/trabucoradio.com\/home\/index.php?rest_route=%2Fwp%2Fv2%2Ftags&post=2195"}],"curies":[{"name":"wp","href":"https:\/\/api.w.org\/{rel}","templated":true}]}}