{"id":2152,"date":"2025-04-26T10:19:31","date_gmt":"2025-04-26T16:19:31","guid":{"rendered":"https:\/\/trabucoradio.com\/home\/?p=2152"},"modified":"2025-04-26T10:19:31","modified_gmt":"2025-04-26T16:19:31","slug":"inicia-la-preferia-comalcalco-2025-con-el-registro-de-la-aspirante-de-villa-aldama-a-flor-del-cacao","status":"publish","type":"post","link":"https:\/\/trabucoradio.com\/home\/?p=2152","title":{"rendered":"INICIA LA PREFERIA COMALCALCO 2025 CON EL REGISTRO DE LA ASPIRANTE DE VILLA ALDAMA A FLOR DEL CACAO\u00a0"},"content":{"rendered":"<div class=\"xdj266r x11i5rnm xat24cr x1mh8g0r x1vvkbs x126k92a\">\n<div dir=\"auto\">INICIA LA PREFERIA COMALCALCO 2025 CON EL REGISTRO DE LA ASPIRANTE DE VILLA ALDAMA A FLOR DEL CACAO<\/div>\n<div dir=\"auto\"><\/div>\n<\/div>\n<div class=\"x11i5rnm xat24cr x1mh8g0r x1vvkbs xtlvy1s x126k92a\">\n<div dir=\"auto\">Este viernes por la ma\u00f1ana, en las instalaciones del auditorio de la Casa de la Cultura del <span class=\"html-span xdj266r x11i5rnm xat24cr x1mh8g0r xexx8yu x4uap5 x18d9i69 xkhd6sd x1hl2dhg x16tdsg8 x1vvkbs\"><a class=\"x1i10hfl xjbqb8w x1ejq31n xd10rxx x1sy0etr x17r0tee x972fbf xcfux6l x1qhh985 xm0m39n x9f619 x1ypdohk xt0psk2 xe8uvvx xdj266r x11i5rnm xat24cr x1mh8g0r xexx8yu x4uap5 x18d9i69 xkhd6sd x16tdsg8 x1hl2dhg xggy1nq x1a2a7pz xkrqix3 x1sur9pj x1fey0fg x1s688f\" tabindex=\"0\" role=\"link\" href=\"https:\/\/www.facebook.com\/ComalcalcoMX?__cft__[0]=AZXtA0h487ZZGnv-NDqw0ivaBF1vQ8NdAYrPMHPG6wj00zrleH6CebJYm7yp-hyybkxXcuqV3DgTGaESN92R5RsdYQFk9hySz3Z2JtCKFRJrypnrUffcdpdzaMiRm2UKrQBT2sHRUD69BRF3zXxq2AlJoOuZtktAplMbkFqMHhgkxQot9hEWCTop91ZLIzpfnHk&amp;__tn__=-]K-R\"><span class=\"xt0psk2\"><span class=\"xjp7ctv\">Ayuntamiento Constitucional de Comalcalco<\/span><\/span><\/a><\/span>, dieron comienzo oficialmente las actividades de la Preferia 2025 con el registro de las aspirantes al certamen Flor del Cacao. La primera en llegar fue la representante de Villa Aldama, Mar\u00eda Belem Rodr\u00edguez Ram\u00edrez, quien acudi\u00f3 acompa\u00f1ada de sus delegados municipales, familiares y una entusiasta porra que llen\u00f3 de alegr\u00eda el recinto.<\/div>\n<div dir=\"auto\"><\/div>\n<\/div>\n<div class=\"x11i5rnm xat24cr x1mh8g0r x1vvkbs xtlvy1s x126k92a\">\n<div dir=\"auto\">El acto fue presidido por el director de la Direcci\u00f3n de Educaci\u00f3n, Cultura y Recreaci\u00f3n Municipal (Decur), Jorge Peregrino, quien dio la bienvenida a los asistentes.<\/div>\n<\/div>\n<div class=\"x11i5rnm xat24cr x1mh8g0r x1vvkbs xtlvy1s x126k92a\">\n<div dir=\"auto\">Con este acto simb\u00f3lico se marca el inicio de los festejos previos a la feria m\u00e1s esperada del municipio. Villa Aldama queda as\u00ed oficialmente representada, mientras que el resto de las participantes realizar\u00e1n su inscripci\u00f3n entre hoy y ma\u00f1ana s\u00e1bado.<\/div>\n<\/div>\n","protected":false},"excerpt":{"rendered":"<p>INICIA LA PREFERIA COMALCALCO 2025 CON EL REGISTRO DE LA ASPIRANTE DE VILLA ALDAMA A FLOR DEL CACAO Este viernes por la ma\u00f1ana, en las instalaciones del auditorio de la Casa de la Cultura del Ayuntamiento Constitucional de Comalcalco, dieron comienzo oficialmente las actividades de la Preferia 2025 con el registro de las aspirantes al [&hellip;]<\/p>\n","protected":false},"author":1,"featured_media":2153,"comment_status":"open","ping_status":"open","sticky":false,"template":"","format":"standard","meta":{"footnotes":""},"categories":[4],"tags":[],"class_list":["post-2152","post","type-post","status-publish","format-standard","has-post-thumbnail","hentry","category-noticias"],"_links":{"self":[{"href":"https:\/\/trabucoradio.com\/home\/index.php?rest_route=\/wp\/v2\/posts\/2152","targetHints":{"allow":["GET"]}}],"collection":[{"href":"https:\/\/trabucoradio.com\/home\/index.php?rest_route=\/wp\/v2\/posts"}],"about":[{"href":"https:\/\/trabucoradio.com\/home\/index.php?rest_route=\/wp\/v2\/types\/post"}],"author":[{"embeddable":true,"href":"https:\/\/trabucoradio.com\/home\/index.php?rest_route=\/wp\/v2\/users\/1"}],"replies":[{"embeddable":true,"href":"https:\/\/trabucoradio.com\/home\/index.php?rest_route=%2Fwp%2Fv2%2Fcomments&post=2152"}],"version-history":[{"count":1,"href":"https:\/\/trabucoradio.com\/home\/index.php?rest_route=\/wp\/v2\/posts\/2152\/revisions"}],"predecessor-version":[{"id":2154,"href":"https:\/\/trabucoradio.com\/home\/index.php?rest_route=\/wp\/v2\/posts\/2152\/revisions\/2154"}],"wp:featuredmedia":[{"embeddable":true,"href":"https:\/\/trabucoradio.com\/home\/index.php?rest_route=\/wp\/v2\/media\/2153"}],"wp:attachment":[{"href":"https:\/\/trabucoradio.com\/home\/index.php?rest_route=%2Fwp%2Fv2%2Fmedia&parent=2152"}],"wp:term":[{"taxonomy":"category","embeddable":true,"href":"https:\/\/trabucoradio.com\/home\/index.php?rest_route=%2Fwp%2Fv2%2Fcategories&post=2152"},{"taxonomy":"post_tag","embeddable":true,"href":"https:\/\/trabucoradio.com\/home\/index.php?rest_route=%2Fwp%2Fv2%2Ftags&post=2152"}],"curies":[{"name":"wp","href":"https:\/\/api.w.org\/{rel}","templated":true}]}}