{"id":2094,"date":"2025-04-23T14:08:02","date_gmt":"2025-04-23T20:08:02","guid":{"rendered":"https:\/\/trabucoradio.com\/home\/?p=2094"},"modified":"2025-04-23T14:08:02","modified_gmt":"2025-04-23T20:08:02","slug":"bienestar-anuncia-fechas-para-nuevo-registro-de-pension-universal-de-mujeres","status":"publish","type":"post","link":"https:\/\/trabucoradio.com\/home\/?p=2094","title":{"rendered":"BIENESTAR ANUNCIA FECHAS PARA NUEVO REGISTRO DE PENSI\u00d3N UNIVERSAL DE MUJERES"},"content":{"rendered":"<div class=\"html-div xdj266r x11i5rnm xat24cr x1mh8g0r xexx8yu x4uap5 x18d9i69 xkhd6sd\">\n<div class=\"html-div xdj266r x11i5rnm xat24cr x1mh8g0r xexx8yu x4uap5 x18d9i69 xkhd6sd\" dir=\"auto\">\n<div class=\"html-div xdj266r x11i5rnm xat24cr x1mh8g0r xexx8yu x4uap5 x18d9i69 xkhd6sd\" data-ad-rendering-role=\"story_message\">\n<div id=\"\u00abr4s\u00bb\" class=\"x1l90r2v x1iorvi4 x1ye3gou xn6708d\" data-ad-comet-preview=\"message\" data-ad-preview=\"message\">\n<div class=\"x78zum5 xdt5ytf xz62fqu x16ldp7u\">\n<div class=\"xu06os2 x1ok221b\">\n<div class=\"xdj266r x11i5rnm xat24cr x1mh8g0r x1vvkbs x126k92a\">\n<div dir=\"auto\">BIENESTAR ANUNCIA FECHAS PARA NUEVO REGISTRO DE PENSI\u00d3N UNIVERSAL DE MUJERES<\/div>\n<div dir=\"auto\"><\/div>\n<\/div>\n<div class=\"x11i5rnm xat24cr x1mh8g0r x1vvkbs xtlvy1s x126k92a\">\n<div dir=\"auto\">El Gobierno Federal anunci\u00f3 este mi\u00e9rcoles el inicio del registro para la Pensi\u00f3n Universal Mujeres Bienestar 2025, con el objetivo de brindar apoyo econ\u00f3mico a mujeres de entre 60 y 64 a\u00f1os en situaci\u00f3n de vulnerabilidad.<\/div>\n<div dir=\"auto\"><\/div>\n<\/div>\n<div class=\"x11i5rnm xat24cr x1mh8g0r x1vvkbs xtlvy1s x126k92a\">\n<div dir=\"auto\">La titular de la Secretar\u00eda de Bienestar, Ariadna Montiel, inform\u00f3 que el registro se llevar\u00e1 a cabo del lunes 4 al s\u00e1bado 30 de agosto de 2025, \u00fanicamente en los M\u00f3dulos del Bienestar ubicados en los distintos municipios de todo el pa\u00eds. Las mujeres que se inscriban podr\u00e1n recibir una pensi\u00f3n bimestral de 3 mil pesos.<\/div>\n<div dir=\"auto\"><\/div>\n<\/div>\n<div class=\"x11i5rnm xat24cr x1mh8g0r x1vvkbs xtlvy1s x126k92a\">\n<div dir=\"auto\">El programa est\u00e1 dirigido a mujeres mexicanas de entre 60 y 64 a\u00f1os de edad, que no reciben otra pensi\u00f3n contributiva del IMSS, ISSSTE u otra instituci\u00f3n de seguridad social. Para ello deber\u00e1n acudir al m\u00f3dulo correspondiente con la siguiente documentaci\u00f3n en original y copia:<\/div>\n<div dir=\"auto\"><\/div>\n<\/div>\n<div class=\"x11i5rnm xat24cr x1mh8g0r x1vvkbs xtlvy1s x126k92a\">\n<div dir=\"auto\">\u2022 Identificaci\u00f3n oficial vigente (INE)<\/div>\n<div dir=\"auto\">\u2022 CURP<\/div>\n<div dir=\"auto\">\u2022 Acta de nacimiento<\/div>\n<div dir=\"auto\">\u2022 Comprobante de domicilio reciente (no mayor a tres meses)<\/div>\n<div dir=\"auto\">\u2022 N\u00famero telef\u00f3nico de contacto<\/div>\n<\/div>\n<\/div>\n<\/div>\n<\/div>\n<\/div>\n<\/div>\n<\/div>\n<div>\n<div class=\"xabvvm4 xeyy32k x1ia1hqs x1a2w583 x6ikm8r x10wlt62\" data-visualcompletion=\"ignore-dynamic\">\n<div>\n<div>\n<div>\n<div class=\"x1n2onr6\">\n<div class=\"x6s0dn4 xi81zsa x78zum5 x6prxxf x13a6bvl xvq8zen xdj266r xat24cr xkhd6sd x4uap5 x80vd3b x1q0q8m5 xso031l x16n37ib xq8finb x10b6aqq x1yrsyyn\">\n<div class=\"x9f619 x1ja2u2z x78zum5 x2lah0s x1n2onr6 x1qughib x1qjc9v5 xozqiw3 x1q0g3np xykv574 xbmpl8g x4cne27 xifccgj x123j3cw xs9asl8\"><\/div>\n<\/div>\n<\/div>\n<\/div>\n<\/div>\n<\/div>\n<\/div>\n<\/div>\n","protected":false},"excerpt":{"rendered":"<p>BIENESTAR ANUNCIA FECHAS PARA NUEVO REGISTRO DE PENSI\u00d3N UNIVERSAL DE MUJERES El Gobierno Federal anunci\u00f3 este mi\u00e9rcoles el inicio del registro para la Pensi\u00f3n Universal Mujeres Bienestar 2025, con el objetivo de brindar apoyo econ\u00f3mico a mujeres de entre 60 y 64 a\u00f1os en situaci\u00f3n de vulnerabilidad. La titular de la Secretar\u00eda de Bienestar, Ariadna [&hellip;]<\/p>\n","protected":false},"author":1,"featured_media":2095,"comment_status":"open","ping_status":"open","sticky":false,"template":"","format":"standard","meta":{"footnotes":""},"categories":[3],"tags":[],"class_list":["post-2094","post","type-post","status-publish","format-standard","has-post-thumbnail","hentry","category-politica"],"_links":{"self":[{"href":"https:\/\/trabucoradio.com\/home\/index.php?rest_route=\/wp\/v2\/posts\/2094","targetHints":{"allow":["GET"]}}],"collection":[{"href":"https:\/\/trabucoradio.com\/home\/index.php?rest_route=\/wp\/v2\/posts"}],"about":[{"href":"https:\/\/trabucoradio.com\/home\/index.php?rest_route=\/wp\/v2\/types\/post"}],"author":[{"embeddable":true,"href":"https:\/\/trabucoradio.com\/home\/index.php?rest_route=\/wp\/v2\/users\/1"}],"replies":[{"embeddable":true,"href":"https:\/\/trabucoradio.com\/home\/index.php?rest_route=%2Fwp%2Fv2%2Fcomments&post=2094"}],"version-history":[{"count":1,"href":"https:\/\/trabucoradio.com\/home\/index.php?rest_route=\/wp\/v2\/posts\/2094\/revisions"}],"predecessor-version":[{"id":2096,"href":"https:\/\/trabucoradio.com\/home\/index.php?rest_route=\/wp\/v2\/posts\/2094\/revisions\/2096"}],"wp:featuredmedia":[{"embeddable":true,"href":"https:\/\/trabucoradio.com\/home\/index.php?rest_route=\/wp\/v2\/media\/2095"}],"wp:attachment":[{"href":"https:\/\/trabucoradio.com\/home\/index.php?rest_route=%2Fwp%2Fv2%2Fmedia&parent=2094"}],"wp:term":[{"taxonomy":"category","embeddable":true,"href":"https:\/\/trabucoradio.com\/home\/index.php?rest_route=%2Fwp%2Fv2%2Fcategories&post=2094"},{"taxonomy":"post_tag","embeddable":true,"href":"https:\/\/trabucoradio.com\/home\/index.php?rest_route=%2Fwp%2Fv2%2Ftags&post=2094"}],"curies":[{"name":"wp","href":"https:\/\/api.w.org\/{rel}","templated":true}]}}