{"id":2088,"date":"2025-04-23T11:28:59","date_gmt":"2025-04-23T17:28:59","guid":{"rendered":"https:\/\/trabucoradio.com\/home\/?p=2088"},"modified":"2025-04-23T11:28:59","modified_gmt":"2025-04-23T17:28:59","slug":"reporta-comalcalco-saldo-blanco-en-semana-santa","status":"publish","type":"post","link":"https:\/\/trabucoradio.com\/home\/?p=2088","title":{"rendered":"REPORTA COMALCALCO SALDO BLANCO EN SEMANA SANTA\u00a0"},"content":{"rendered":"<div class=\"xdj266r x11i5rnm xat24cr x1mh8g0r x1vvkbs x126k92a\">\n<div dir=\"auto\">REPORTA COMALCALCO SALDO BLANCO EN SEMANA SANTA<\/div>\n<div dir=\"auto\"><\/div>\n<\/div>\n<div class=\"x11i5rnm xat24cr x1mh8g0r x1vvkbs xtlvy1s x126k92a\">\n<div dir=\"auto\">\u2022 M\u00e1s de 300 elementos de los tres \u00f3rdenes de gobierno y de asociaciones de socorristas voluntarios se coordinaron para prevenir cualquier contratiempo<\/div>\n<div dir=\"auto\"><\/div>\n<\/div>\n<div class=\"x11i5rnm xat24cr x1mh8g0r x1vvkbs xtlvy1s x126k92a\">\n<div dir=\"auto\">Comalcalco report\u00f3 saldo blanco durante el periodo vacacional de Semana Santa, informaron autoridades municipales encabezadas por el alcalde Ovidio Peralta, luego del despliegue de m\u00e1s de 300 elementos de los tres \u00f3rdenes de gobierno y de grupos y asociaciones de socorristas voluntarios.<\/div>\n<div dir=\"auto\"><\/div>\n<\/div>\n<div class=\"x11i5rnm xat24cr x1mh8g0r x1vvkbs xtlvy1s x126k92a\">\n<div dir=\"auto\">El\u00edas Jim\u00e9nez Torres, director de Protecci\u00f3n Civil, expres\u00f3 que gracias a la coordinaci\u00f3n entre instancias de seguridad, vialidad, salud y voluntarios se logr\u00f3 que todas las familias que acudieron del 17 al 20 de abril a divertirse a los sitios tur\u00edsticos del municipio no sufrieran contratiempo o accidente alguno.<\/div>\n<div dir=\"auto\"><\/div>\n<\/div>\n<div class=\"x11i5rnm xat24cr x1mh8g0r x1vvkbs xtlvy1s x126k92a\">\n<div dir=\"auto\">El funcionario municipal precis\u00f3 que se tuvo un registro de 576 turistas con \u201ccero incidentes\u201d a los diversos destinos de la demarcaci\u00f3n, quienes en todo momento tuvieron el respaldo de los integrantes del Plan Operativo Semana Santa 2025, mediante el que se implementaron tres m\u00f3dulos de vigilancia y auxilio.<\/div>\n<div dir=\"auto\"><\/div>\n<\/div>\n<div class=\"x11i5rnm xat24cr x1mh8g0r x1vvkbs xtlvy1s x126k92a\">\n<div dir=\"auto\">A trav\u00e9s de dichos m\u00f3dulos \u2013que estuvieron integrados con al menos 30 elementos de diversas instancias cada uno&#8211; tambi\u00e9n se ofreci\u00f3 informaci\u00f3n en puntos clave y en los pasos de turistas a destinos de playas y corredores gastron\u00f3micos del municipio de Para\u00edso.<\/div>\n<div dir=\"auto\"><\/div>\n<\/div>\n<div class=\"x11i5rnm xat24cr x1mh8g0r x1vvkbs xtlvy1s x126k92a\">\n<div dir=\"auto\">Asimismo, el director de Protecci\u00f3n Civil destac\u00f3 que el alcalde Ovidio Peralta fue el principal interesado en que los resultados del Plan Operativo Semana Santa 2025 estuvieran basados en una estrategia que priorizara la prevenci\u00f3n, proximidad e inmediatez en la respuesta.<\/div>\n<div dir=\"auto\"><\/div>\n<\/div>\n<div class=\"x11i5rnm xat24cr x1mh8g0r x1vvkbs xtlvy1s x126k92a\">\n<div dir=\"auto\">Es as\u00ed como los d\u00edas de mayor afluencia tur\u00edstica se realizaron patrullajes terrestres en centros vacacionales, incluyendo zonas rurales, rancher\u00edas y carreteras. Uno de los puntos clave del operativo fue la carretera Comalcalco-Para\u00edso, donde d\u00edas antes el Ayuntamiento de Comalcalco instal\u00f3 topes en la curva de Theobroma.<\/div>\n<div dir=\"auto\"><\/div>\n<\/div>\n<div class=\"x11i5rnm xat24cr x1mh8g0r x1vvkbs xtlvy1s x126k92a\">\n<div dir=\"auto\">Los dispositivos de seguridad tambi\u00e9n se extendieron a centros ecotur\u00edsticos, balnearios, r\u00edos y haciendas cacaoteras y chocolateras, as\u00ed como a la Zona Arqueol\u00f3gica, Reserva Ecol\u00f3gica Cinco Lagunas y el corredor gastron\u00f3mico El Corinto, a fin de garantizar la protecci\u00f3n de la poblaci\u00f3n en todo momento.<\/div>\n<\/div>\n","protected":false},"excerpt":{"rendered":"<p>REPORTA COMALCALCO SALDO BLANCO EN SEMANA SANTA \u2022 M\u00e1s de 300 elementos de los tres \u00f3rdenes de gobierno y de asociaciones de socorristas voluntarios se coordinaron para prevenir cualquier contratiempo Comalcalco report\u00f3 saldo blanco durante el periodo vacacional de Semana Santa, informaron autoridades municipales encabezadas por el alcalde Ovidio Peralta, luego del despliegue de m\u00e1s [&hellip;]<\/p>\n","protected":false},"author":1,"featured_media":2089,"comment_status":"open","ping_status":"open","sticky":false,"template":"","format":"standard","meta":{"footnotes":""},"categories":[3],"tags":[],"class_list":["post-2088","post","type-post","status-publish","format-standard","has-post-thumbnail","hentry","category-politica"],"_links":{"self":[{"href":"https:\/\/trabucoradio.com\/home\/index.php?rest_route=\/wp\/v2\/posts\/2088","targetHints":{"allow":["GET"]}}],"collection":[{"href":"https:\/\/trabucoradio.com\/home\/index.php?rest_route=\/wp\/v2\/posts"}],"about":[{"href":"https:\/\/trabucoradio.com\/home\/index.php?rest_route=\/wp\/v2\/types\/post"}],"author":[{"embeddable":true,"href":"https:\/\/trabucoradio.com\/home\/index.php?rest_route=\/wp\/v2\/users\/1"}],"replies":[{"embeddable":true,"href":"https:\/\/trabucoradio.com\/home\/index.php?rest_route=%2Fwp%2Fv2%2Fcomments&post=2088"}],"version-history":[{"count":1,"href":"https:\/\/trabucoradio.com\/home\/index.php?rest_route=\/wp\/v2\/posts\/2088\/revisions"}],"predecessor-version":[{"id":2090,"href":"https:\/\/trabucoradio.com\/home\/index.php?rest_route=\/wp\/v2\/posts\/2088\/revisions\/2090"}],"wp:featuredmedia":[{"embeddable":true,"href":"https:\/\/trabucoradio.com\/home\/index.php?rest_route=\/wp\/v2\/media\/2089"}],"wp:attachment":[{"href":"https:\/\/trabucoradio.com\/home\/index.php?rest_route=%2Fwp%2Fv2%2Fmedia&parent=2088"}],"wp:term":[{"taxonomy":"category","embeddable":true,"href":"https:\/\/trabucoradio.com\/home\/index.php?rest_route=%2Fwp%2Fv2%2Fcategories&post=2088"},{"taxonomy":"post_tag","embeddable":true,"href":"https:\/\/trabucoradio.com\/home\/index.php?rest_route=%2Fwp%2Fv2%2Ftags&post=2088"}],"curies":[{"name":"wp","href":"https:\/\/api.w.org\/{rel}","templated":true}]}}