{"id":2005,"date":"2025-04-21T10:31:29","date_gmt":"2025-04-21T16:31:29","guid":{"rendered":"https:\/\/trabucoradio.com\/home\/?p=2005"},"modified":"2025-04-21T10:31:29","modified_gmt":"2025-04-21T16:31:29","slug":"controlado-al-70-incendio-en-lazaro-cardenas-javier-may","status":"publish","type":"post","link":"https:\/\/trabucoradio.com\/home\/?p=2005","title":{"rendered":"CONTROLADO AL 70% INCENDIO EN L\u00c1ZARO C\u00c1RDENAS: JAVIER MAY"},"content":{"rendered":"<div class=\"xdj266r x11i5rnm xat24cr x1mh8g0r x1vvkbs x126k92a\">\n<div dir=\"auto\">CONTROLADO AL 70% INCENDIO EN L\u00c1ZARO C\u00c1RDENAS: JAVIER MAY<\/div>\n<div dir=\"auto\"><\/div>\n<\/div>\n<div class=\"x11i5rnm xat24cr x1mh8g0r x1vvkbs xtlvy1s x126k92a\">\n<div dir=\"auto\">El gobernador de Tabasco <span class=\"html-span xdj266r x11i5rnm xat24cr x1mh8g0r xexx8yu x4uap5 x18d9i69 xkhd6sd x1hl2dhg x16tdsg8 x1vvkbs\"><a class=\"x1i10hfl xjbqb8w x1ejq31n xd10rxx x1sy0etr x17r0tee x972fbf xcfux6l x1qhh985 xm0m39n x9f619 x1ypdohk xt0psk2 xe8uvvx xdj266r x11i5rnm xat24cr x1mh8g0r xexx8yu x4uap5 x18d9i69 xkhd6sd x16tdsg8 x1hl2dhg xggy1nq x1a2a7pz xkrqix3 x1sur9pj x1fey0fg x1s688f\" tabindex=\"0\" role=\"link\" href=\"https:\/\/www.facebook.com\/TabascoJavier?__cft__[0]=AZU8651Nm3s6OqhoAlDu-G-ieCA6mWBp0sQYc6reIRwwxSWjwmQH3TNNfE93vXQndOGRNEmtdHkBMogBaTAOXcZMZgutNMLH91CrNx4P2_X1Sr6KqhGwckTe9EVA-3gJj4u5-ijuDJ64CsCcuYuVBo98kTc1N-Z2KqI-IQ9wHtXmNPYXw24TVJzNaM3ZXtyypJ4&amp;__tn__=-]K-R\"><span class=\"xt0psk2\"><span class=\"xjp7ctv\">Javier May Rodr\u00edguez<\/span><\/span><\/a><\/span> dio a conocer que el incendio en la rancher\u00eda L\u00e1zaro <span class=\"html-span xdj266r x11i5rnm xat24cr x1mh8g0r xexx8yu x4uap5 x18d9i69 xkhd6sd x1hl2dhg x16tdsg8 x1vvkbs\"><a class=\"x1i10hfl xjbqb8w x1ejq31n xd10rxx x1sy0etr x17r0tee x972fbf xcfux6l x1qhh985 xm0m39n x9f619 x1ypdohk xt0psk2 xe8uvvx xdj266r x11i5rnm xat24cr x1mh8g0r xexx8yu x4uap5 x18d9i69 xkhd6sd x16tdsg8 x1hl2dhg xggy1nq x1a2a7pz xkrqix3 x1sur9pj x1fey0fg x1s688f\" tabindex=\"0\" role=\"link\" href=\"https:\/\/www.facebook.com\/hashtag\/c%C3%A1rdenas?__eep__=6&amp;__cft__[0]=AZU8651Nm3s6OqhoAlDu-G-ieCA6mWBp0sQYc6reIRwwxSWjwmQH3TNNfE93vXQndOGRNEmtdHkBMogBaTAOXcZMZgutNMLH91CrNx4P2_X1Sr6KqhGwckTe9EVA-3gJj4u5-ijuDJ64CsCcuYuVBo98kTc1N-Z2KqI-IQ9wHtXmNPYXw24TVJzNaM3ZXtyypJ4&amp;__tn__=*NK-R\">C\u00e1rdenas<\/a><\/span> est\u00e1 controlado al 70%, por lo que est\u00e1 pronto a ser sofocado.<\/div>\n<\/div>\n<div class=\"x11i5rnm xat24cr x1mh8g0r x1vvkbs xtlvy1s x126k92a\">\n<div dir=\"auto\">A trav\u00e9s de sus redes sociales consign\u00f3: \u201cNuestro reconocimiento al heroico cuerpo de bomberos de Tabasco y sus municipios, quienes han logrado controlar un 70% del incendio, pr\u00f3ximo a ser sofocado.<\/div>\n<div dir=\"auto\"><\/div>\n<\/div>\n<div class=\"x11i5rnm xat24cr x1mh8g0r x1vvkbs xtlvy1s x126k92a\">\n<div dir=\"auto\">\u201cAsimismo, a las corporaciones que integran la Fuerza Interinstitucional de Reacci\u00f3n T\u00e1ctica (FIRT Olmeca) @GN_MEXICO_, @Defensamx1, quienes resguardan la zona para prevenir y proteger a la poblaci\u00f3n\u201d.<\/div>\n<div dir=\"auto\"><\/div>\n<\/div>\n<div class=\"x11i5rnm xat24cr x1mh8g0r x1vvkbs xtlvy1s x126k92a\">\n<div dir=\"auto\">Sobre el incendio este se registr\u00f3 la tarde del domingo 20 de abril de 2025 en las inmediaciones de la rancher\u00eda L\u00e1zaro C\u00e1rdenas, luego de que una quema de pastizales se saliera de control, ocasionando que el fuego se extendiera a una empresa en la que hab\u00eda contenedores con combustible.<\/div>\n<\/div>\n","protected":false},"excerpt":{"rendered":"<p>CONTROLADO AL 70% INCENDIO EN L\u00c1ZARO C\u00c1RDENAS: JAVIER MAY El gobernador de Tabasco Javier May Rodr\u00edguez dio a conocer que el incendio en la rancher\u00eda L\u00e1zaro C\u00e1rdenas est\u00e1 controlado al 70%, por lo que est\u00e1 pronto a ser sofocado. A trav\u00e9s de sus redes sociales consign\u00f3: \u201cNuestro reconocimiento al heroico cuerpo de bomberos de Tabasco [&hellip;]<\/p>\n","protected":false},"author":1,"featured_media":2006,"comment_status":"open","ping_status":"open","sticky":false,"template":"","format":"standard","meta":{"footnotes":""},"categories":[3],"tags":[],"class_list":["post-2005","post","type-post","status-publish","format-standard","has-post-thumbnail","hentry","category-politica"],"_links":{"self":[{"href":"https:\/\/trabucoradio.com\/home\/index.php?rest_route=\/wp\/v2\/posts\/2005","targetHints":{"allow":["GET"]}}],"collection":[{"href":"https:\/\/trabucoradio.com\/home\/index.php?rest_route=\/wp\/v2\/posts"}],"about":[{"href":"https:\/\/trabucoradio.com\/home\/index.php?rest_route=\/wp\/v2\/types\/post"}],"author":[{"embeddable":true,"href":"https:\/\/trabucoradio.com\/home\/index.php?rest_route=\/wp\/v2\/users\/1"}],"replies":[{"embeddable":true,"href":"https:\/\/trabucoradio.com\/home\/index.php?rest_route=%2Fwp%2Fv2%2Fcomments&post=2005"}],"version-history":[{"count":1,"href":"https:\/\/trabucoradio.com\/home\/index.php?rest_route=\/wp\/v2\/posts\/2005\/revisions"}],"predecessor-version":[{"id":2007,"href":"https:\/\/trabucoradio.com\/home\/index.php?rest_route=\/wp\/v2\/posts\/2005\/revisions\/2007"}],"wp:featuredmedia":[{"embeddable":true,"href":"https:\/\/trabucoradio.com\/home\/index.php?rest_route=\/wp\/v2\/media\/2006"}],"wp:attachment":[{"href":"https:\/\/trabucoradio.com\/home\/index.php?rest_route=%2Fwp%2Fv2%2Fmedia&parent=2005"}],"wp:term":[{"taxonomy":"category","embeddable":true,"href":"https:\/\/trabucoradio.com\/home\/index.php?rest_route=%2Fwp%2Fv2%2Fcategories&post=2005"},{"taxonomy":"post_tag","embeddable":true,"href":"https:\/\/trabucoradio.com\/home\/index.php?rest_route=%2Fwp%2Fv2%2Ftags&post=2005"}],"curies":[{"name":"wp","href":"https:\/\/api.w.org\/{rel}","templated":true}]}}