{"id":1989,"date":"2025-04-18T12:05:51","date_gmt":"2025-04-18T18:05:51","guid":{"rendered":"https:\/\/trabucoradio.com\/home\/?p=1989"},"modified":"2025-04-18T12:05:51","modified_gmt":"2025-04-18T18:05:51","slug":"sheinbaum-y-trum-sostienen-una-conversacion-telefonica-muy-productiva","status":"publish","type":"post","link":"https:\/\/trabucoradio.com\/home\/?p=1989","title":{"rendered":"SHEINBAUM Y TRUM SOSTIENEN UNA CONVERSACI\u00d3N TELEF\u00d3NICA \u201cMUY PRODUCTIVA\u201d"},"content":{"rendered":"<div class=\"xdj266r x11i5rnm xat24cr x1mh8g0r x1vvkbs x126k92a\">\n<div dir=\"auto\">SHEINBAUM Y TRUM SOSTIENEN UNA CONVERSACI\u00d3N TELEF\u00d3NICA \u201cMUY PRODUCTIVA\u201d<\/div>\n<div dir=\"auto\"><\/div>\n<\/div>\n<div class=\"x11i5rnm xat24cr x1mh8g0r x1vvkbs xtlvy1s x126k92a\">\n<div dir=\"auto\">El presidente de Estados Unidos, Donald Trump dio a conocer que el mi\u00e9rcoles sostuvo una conversaci\u00f3n por v\u00eda telef\u00f3nica con la presidenta de M\u00e9xico, <span class=\"html-span xdj266r x11i5rnm xat24cr x1mh8g0r xexx8yu x4uap5 x18d9i69 xkhd6sd x1hl2dhg x16tdsg8 x1vvkbs\"><a class=\"x1i10hfl xjbqb8w x1ejq31n xd10rxx x1sy0etr x17r0tee x972fbf xcfux6l x1qhh985 xm0m39n x9f619 x1ypdohk xt0psk2 xe8uvvx xdj266r x11i5rnm xat24cr x1mh8g0r xexx8yu x4uap5 x18d9i69 xkhd6sd x16tdsg8 x1hl2dhg xggy1nq x1a2a7pz xkrqix3 x1sur9pj x1fey0fg x1s688f\" tabindex=\"0\" role=\"link\" href=\"https:\/\/www.facebook.com\/ClaudiaSheinbaumPardo?__cft__[0]=AZU-qmDXE3mjGyFCOsLtBhQdibSDJtATRvmPYvsq04ARVrle12CN31OhMLMiT5Fm49Cymr2sNU9NLFGNiUkNmhxegnEnp__nj5dWYiUM43BGfz5LBmxVaflyG8hlX4U8hMZoe0HBOEYgicdZ7k_fO-oIB9rWikc2YvP0j3By5w5rRg&amp;__tn__=-]K-R\"><span class=\"xt0psk2\"><span class=\"xjp7ctv\">Claudia Sheinbaum Pardo<\/span><\/span><\/a><\/span>, pl\u00e1tica que calific\u00f3 como \u00abmuy productiva\u00bb.<\/div>\n<div dir=\"auto\"><\/div>\n<\/div>\n<div class=\"x11i5rnm xat24cr x1mh8g0r x1vvkbs xtlvy1s x126k92a\">\n<div dir=\"auto\">Esto como parte de las conversaciones que sostiene con diferentes l\u00edderes, as\u00ed como representantes de los pa\u00edses a los que les ha impuesto aranceles como parte de su pol\u00edtica comercial.<\/div>\n<div dir=\"auto\">Por su parte, Sheinbaum confirm\u00f3 la conversaci\u00f3n y coincidi\u00f3 que fue \u00abmuy productiva\u00bb.<\/div>\n<div dir=\"auto\"><\/div>\n<\/div>\n<div class=\"x11i5rnm xat24cr x1mh8g0r x1vvkbs xtlvy1s x126k92a\">\n<div dir=\"auto\">Fue por medio de su red Truth Social, en donde Donald Trump afirm\u00f3 que todas las naciones, incluida China, quieren reunirse para negociar con su pa\u00eds, adem\u00e1s indic\u00f3 que tambi\u00e9n se reuni\u00f3 con representantes comerciales de Jap\u00f3n de m\u00e1s alto nivel y que este jueves toca el turno a Italia.<\/div>\n<div dir=\"auto\"><\/div>\n<\/div>\n<div class=\"x11i5rnm xat24cr x1mh8g0r x1vvkbs xtlvy1s x126k92a\">\n<div dir=\"auto\">Cabe mencionar que para este jueves se tiene previsto que el republicano reciba en la Casa Blanca a la primera ministra italiana, Giorgia Meloni, en un encuentro clave donde la mandataria europea buscar\u00e1 persuadirlo de reconsiderar su pol\u00edtica arancelaria hacia la Uni\u00f3n Europea y reducir as\u00ed las tensiones generadas por la guerra comercial.<\/div>\n<\/div>\n","protected":false},"excerpt":{"rendered":"<p>SHEINBAUM Y TRUM SOSTIENEN UNA CONVERSACI\u00d3N TELEF\u00d3NICA \u201cMUY PRODUCTIVA\u201d El presidente de Estados Unidos, Donald Trump dio a conocer que el mi\u00e9rcoles sostuvo una conversaci\u00f3n por v\u00eda telef\u00f3nica con la presidenta de M\u00e9xico, Claudia Sheinbaum Pardo, pl\u00e1tica que calific\u00f3 como \u00abmuy productiva\u00bb. Esto como parte de las conversaciones que sostiene con diferentes l\u00edderes, as\u00ed como [&hellip;]<\/p>\n","protected":false},"author":1,"featured_media":1990,"comment_status":"open","ping_status":"open","sticky":false,"template":"","format":"standard","meta":{"footnotes":""},"categories":[3],"tags":[],"class_list":["post-1989","post","type-post","status-publish","format-standard","has-post-thumbnail","hentry","category-politica"],"_links":{"self":[{"href":"https:\/\/trabucoradio.com\/home\/index.php?rest_route=\/wp\/v2\/posts\/1989","targetHints":{"allow":["GET"]}}],"collection":[{"href":"https:\/\/trabucoradio.com\/home\/index.php?rest_route=\/wp\/v2\/posts"}],"about":[{"href":"https:\/\/trabucoradio.com\/home\/index.php?rest_route=\/wp\/v2\/types\/post"}],"author":[{"embeddable":true,"href":"https:\/\/trabucoradio.com\/home\/index.php?rest_route=\/wp\/v2\/users\/1"}],"replies":[{"embeddable":true,"href":"https:\/\/trabucoradio.com\/home\/index.php?rest_route=%2Fwp%2Fv2%2Fcomments&post=1989"}],"version-history":[{"count":1,"href":"https:\/\/trabucoradio.com\/home\/index.php?rest_route=\/wp\/v2\/posts\/1989\/revisions"}],"predecessor-version":[{"id":1991,"href":"https:\/\/trabucoradio.com\/home\/index.php?rest_route=\/wp\/v2\/posts\/1989\/revisions\/1991"}],"wp:featuredmedia":[{"embeddable":true,"href":"https:\/\/trabucoradio.com\/home\/index.php?rest_route=\/wp\/v2\/media\/1990"}],"wp:attachment":[{"href":"https:\/\/trabucoradio.com\/home\/index.php?rest_route=%2Fwp%2Fv2%2Fmedia&parent=1989"}],"wp:term":[{"taxonomy":"category","embeddable":true,"href":"https:\/\/trabucoradio.com\/home\/index.php?rest_route=%2Fwp%2Fv2%2Fcategories&post=1989"},{"taxonomy":"post_tag","embeddable":true,"href":"https:\/\/trabucoradio.com\/home\/index.php?rest_route=%2Fwp%2Fv2%2Ftags&post=1989"}],"curies":[{"name":"wp","href":"https:\/\/api.w.org\/{rel}","templated":true}]}}