{"id":1972,"date":"2025-04-17T15:14:14","date_gmt":"2025-04-17T21:14:14","guid":{"rendered":"https:\/\/trabucoradio.com\/home\/?p=1972"},"modified":"2025-04-17T15:14:14","modified_gmt":"2025-04-17T21:14:14","slug":"aplaude-javier-may-aprobacion-de-la-renovacion-de-mandato-en-congreso-local","status":"publish","type":"post","link":"https:\/\/trabucoradio.com\/home\/?p=1972","title":{"rendered":"APLAUDE JAVIER MAY APROBACI\u00d3N DE LA RENOVACI\u00d3N DE MANDATO EN CONGRESO LOCAL"},"content":{"rendered":"<p>APLAUDE JAVIER MAY APROBACI\u00d3N DE LA RENOVACI\u00d3N DE MANDATO EN CONGRESO LOCAL<\/p>\n<p>&nbsp;<\/p>\n<p>El gobernador del Estado,\u00a0<strong>Javier May<\/strong>\u00a0Rodr\u00edguez, celebr\u00f3 la aprobaci\u00f3n de la\u00a0<strong>Ley de Revocaci\u00f3n<\/strong>\u00a0de Mandato por parte del Congreso del Estado, para que los ciudadanos puedan decidir a la mitad del mandato, si deben continuar o es necesario un cambio en la administraci\u00f3n.<\/p>\n<p>&nbsp;<\/p>\n<p>Destac\u00f3 que, este mecanismo de\u00a0<strong>participaci\u00f3n ciudadana<\/strong>\u00a0tiene el objetivo de devolverle el\u00a0<strong>poder<\/strong>\u00a0al\u00a0<strong>pueblo<\/strong>, al afirmar que \u00e9l no ambiciona el\u00a0<strong>poder<\/strong>\u00a0por el\u00a0<strong>poder<\/strong>.<\/p>\n<p>&nbsp;<\/p>\n<p>\u00abAyer, por ejemplo, nos da mucho mucha\u00a0<strong>alegr\u00eda<\/strong>\u00a0y mucho gusto, mucha satisfacci\u00f3n y mucho\u00a0<strong>orgullo<\/strong>\u00a0de que se haya aprobado la\u00a0<strong>revocaci\u00f3n de mandato<\/strong>, es devolverle el\u00a0<strong>poder<\/strong>\u00a0al\u00a0<strong>pueblo<\/strong>, o sea, esto era impensable. Nosotros no queremos, no nos ambiciona el\u00a0<strong>poder<\/strong>\u00a0por el\u00a0<strong>poder<\/strong>, nosotros no llegamos a enriquecernos, no llegamos a hacer negocios, llegamos a servirle al\u00a0<strong>pueblo<\/strong>\u00a0y ese es el\u00a0<strong>compromiso<\/strong>.<\/p>\n<p>&nbsp;<\/p>\n<p>\u201cEntonces, es devolverle el\u00a0<strong>poder<\/strong>\u00a0al\u00a0<strong>pueblo<\/strong>\u00a0y el\u00a0<strong>pueblo<\/strong>\u00a0va a\u00a0<strong>poder<\/strong>\u00a0decidir a mitad del camino si quieren que continuemos o no. Va a ser la gente, van a ser los ciudadanos los que van decidir si continuamos o no, pero cada quien tiene que asumir su\u00a0<strong>responsabilidad<\/strong>\u00ab, afirm\u00f3.<\/p>\n<p>&nbsp;<\/p>\n<p>Afirm\u00f3 que, a pesar de las\u00a0<strong>campa\u00f1as medi\u00e1ticas<\/strong>\u00a0de la\u00a0<strong>oposici\u00f3n<\/strong>, los tabasque\u00f1os est\u00e1n bien informados y no se dejan enga\u00f1ar ante los intentos de la\u00a0<strong>oposici\u00f3n<\/strong>\u00a0de politizar y generar opiniones negativas sobre las acciones que impulsan.<\/p>\n","protected":false},"excerpt":{"rendered":"<p>APLAUDE JAVIER MAY APROBACI\u00d3N DE LA RENOVACI\u00d3N DE MANDATO EN CONGRESO LOCAL &nbsp; El gobernador del Estado,\u00a0Javier May\u00a0Rodr\u00edguez, celebr\u00f3 la aprobaci\u00f3n de la\u00a0Ley de Revocaci\u00f3n\u00a0de Mandato por parte del Congreso del Estado, para que los ciudadanos puedan decidir a la mitad del mandato, si deben continuar o es necesario un cambio en la administraci\u00f3n. &nbsp; [&hellip;]<\/p>\n","protected":false},"author":1,"featured_media":1973,"comment_status":"open","ping_status":"open","sticky":false,"template":"","format":"standard","meta":{"footnotes":""},"categories":[3],"tags":[],"class_list":["post-1972","post","type-post","status-publish","format-standard","has-post-thumbnail","hentry","category-politica"],"_links":{"self":[{"href":"https:\/\/trabucoradio.com\/home\/index.php?rest_route=\/wp\/v2\/posts\/1972","targetHints":{"allow":["GET"]}}],"collection":[{"href":"https:\/\/trabucoradio.com\/home\/index.php?rest_route=\/wp\/v2\/posts"}],"about":[{"href":"https:\/\/trabucoradio.com\/home\/index.php?rest_route=\/wp\/v2\/types\/post"}],"author":[{"embeddable":true,"href":"https:\/\/trabucoradio.com\/home\/index.php?rest_route=\/wp\/v2\/users\/1"}],"replies":[{"embeddable":true,"href":"https:\/\/trabucoradio.com\/home\/index.php?rest_route=%2Fwp%2Fv2%2Fcomments&post=1972"}],"version-history":[{"count":1,"href":"https:\/\/trabucoradio.com\/home\/index.php?rest_route=\/wp\/v2\/posts\/1972\/revisions"}],"predecessor-version":[{"id":1974,"href":"https:\/\/trabucoradio.com\/home\/index.php?rest_route=\/wp\/v2\/posts\/1972\/revisions\/1974"}],"wp:featuredmedia":[{"embeddable":true,"href":"https:\/\/trabucoradio.com\/home\/index.php?rest_route=\/wp\/v2\/media\/1973"}],"wp:attachment":[{"href":"https:\/\/trabucoradio.com\/home\/index.php?rest_route=%2Fwp%2Fv2%2Fmedia&parent=1972"}],"wp:term":[{"taxonomy":"category","embeddable":true,"href":"https:\/\/trabucoradio.com\/home\/index.php?rest_route=%2Fwp%2Fv2%2Fcategories&post=1972"},{"taxonomy":"post_tag","embeddable":true,"href":"https:\/\/trabucoradio.com\/home\/index.php?rest_route=%2Fwp%2Fv2%2Ftags&post=1972"}],"curies":[{"name":"wp","href":"https:\/\/api.w.org\/{rel}","templated":true}]}}