{"id":1947,"date":"2025-04-17T13:39:54","date_gmt":"2025-04-17T19:39:54","guid":{"rendered":"https:\/\/trabucoradio.com\/home\/?p=1947"},"modified":"2025-04-17T13:39:54","modified_gmt":"2025-04-17T19:39:54","slug":"mexico-no-reanudara-relacionas-con-ecuador-mientras-noboa-sea-president-sheibaum","status":"publish","type":"post","link":"https:\/\/trabucoradio.com\/home\/?p=1947","title":{"rendered":"M\u00c9XICO NO REANUDAR\u00c1 RELACIONAS CON ECUADOR MIENTRAS NOBOA SEA PRESIDENT: SHEIBAUM\u00a0"},"content":{"rendered":"<div class=\"xdj266r x11i5rnm xat24cr x1mh8g0r x1vvkbs x126k92a\">\n<div dir=\"auto\">M\u00c9XICO NO REANUDAR\u00c1 RELACIONAS CON ECUADOR MIENTRAS NOBOA SEA PRESIDENT: SHEIBAUM<\/div>\n<\/div>\n<div dir=\"auto\"><\/div>\n<div dir=\"auto\"><\/div>\n<div class=\"x11i5rnm xat24cr x1mh8g0r x1vvkbs xtlvy1s x126k92a\">\n<div dir=\"auto\">La presidenta mexicana, <span class=\"html-span xdj266r x11i5rnm xat24cr x1mh8g0r xexx8yu x4uap5 x18d9i69 xkhd6sd x1hl2dhg x16tdsg8 x1vvkbs\"><a class=\"x1i10hfl xjbqb8w x1ejq31n xd10rxx x1sy0etr x17r0tee x972fbf xcfux6l x1qhh985 xm0m39n x9f619 x1ypdohk xt0psk2 xe8uvvx xdj266r x11i5rnm xat24cr x1mh8g0r xexx8yu x4uap5 x18d9i69 xkhd6sd x16tdsg8 x1hl2dhg xggy1nq x1a2a7pz xkrqix3 x1sur9pj x1fey0fg x1s688f\" tabindex=\"0\" role=\"link\" href=\"https:\/\/www.facebook.com\/ClaudiaSheinbaumPardo?__cft__[0]=AZWk136z5ifZdnZhEARIXoq_UMrdIYgWmVgHHF-shoak1ZBWagboiRaY0vXyX5rS43ZrnkdT_Gmb3Q09V_aIGCct55FjVhnAT1PxBWxIANuMLleH6rqnJOQ1B5OCLO-PNi4hiHxckjVQqxpu41-Au2H6SXb51cnpp-2O8YTWd11ZU_G9zipDHOJmLnE402d7Zz0&amp;__tn__=-]K-R\"><span class=\"xt0psk2\"><span class=\"xjp7ctv\">Claudia Sheinbaum Pardo<\/span><\/span><\/a><\/span>, asever\u00f3 este mi\u00e9rcoles que M\u00e9xico no reanudar\u00e1 relaciones con Ecuador mientras Daniel Noboa sea el mandatario del pa\u00eds suramericano y tach\u00f3 de \u00abdudoso\u00bb su triunfo en las elecciones del domingo.<\/div>\n<div dir=\"auto\"><\/div>\n<\/div>\n<div class=\"x11i5rnm xat24cr x1mh8g0r x1vvkbs xtlvy1s x126k92a\">\n<div dir=\"auto\">\u00abNo se van a reanudar las relaciones y, adem\u00e1s, fue muy dudoso su triunfo, en particular reconocido por la propia OEA (Organizaci\u00f3n de Estados Americanos), ya ni siquiera es otro organismo internacional\u00bb, manifest\u00f3 la gobernante mexicana en su conferencia matutina.<\/div>\n<div dir=\"auto\"><\/div>\n<\/div>\n<div class=\"x11i5rnm xat24cr x1mh8g0r x1vvkbs xtlvy1s x126k92a\">\n<div dir=\"auto\">Sheinbaum resalt\u00f3 que el presidente de Colombia, Gustavo Petro, afirm\u00f3 este martes que no puede reconocer las elecciones ecuatorianas en las que Noboa gan\u00f3 la reelecci\u00f3n para el periodo 2025-2029.<\/div>\n<div dir=\"auto\"><\/div>\n<\/div>\n<div class=\"x11i5rnm xat24cr x1mh8g0r x1vvkbs xtlvy1s x126k92a\">\n<div dir=\"auto\">Noboa obtuvo el domingo el 55,6 % de los votos, mientras que la candidata corre\u00edsta Luisa Gonz\u00e1lez recibi\u00f3 el 44,4 %, resultados que no reconoce pero ya est\u00e1n avalados por las misiones de observaci\u00f3n electoral de la Uni\u00f3n Europea (UE) y de la OEA.<\/div>\n<div dir=\"auto\"><\/div>\n<\/div>\n<div class=\"x11i5rnm xat24cr x1mh8g0r x1vvkbs xtlvy1s x126k92a\">\n<div dir=\"auto\">La presidenta mexicana record\u00f3 que no existen relaciones con Ecuador desde abril de 2024, cuando la Polic\u00eda ecuatoriana allan\u00f3 la Embajada de M\u00e9xico en Quito para detener a Jorge Glas, exvicepresidente de Ecuador (2013-2018) acusado de corrupci\u00f3n.<\/div>\n<div dir=\"auto\"><\/div>\n<div dir=\"auto\">\u201cLa otra candidata est\u00e1 diciendo que hubo un fraude, entonces de nuestra parte no van a reanudarse las relaciones con Ecuador. No hay condiciones para que eso ocurriera y para empezar tienen a una persona presa que estaba dentro de la Embajada\u201d, coment\u00f3 la mandataria.<\/div>\n<div dir=\"auto\"><\/div>\n<\/div>\n<div class=\"x11i5rnm xat24cr x1mh8g0r x1vvkbs xtlvy1s x126k92a\">\n<div dir=\"auto\">Sheinbaum, quien en febrero expres\u00f3 su deseo de que Ecuador tuviese una \u00abpresidenta con a\u00bb y se reanudaran las relaciones con M\u00e9xico, sostuvo ahora que \u00abla OEA dice s\u00ed gan\u00f3 Noboa, pero no fue justa la contienda, y varios observadores internacionales\u201d coinciden en ello.<\/div>\n<div dir=\"auto\"><\/div>\n<\/div>\n<div class=\"x11i5rnm xat24cr x1mh8g0r x1vvkbs xtlvy1s x126k92a\">\n<div dir=\"auto\">Por ejemplo, asegur\u00f3 que \u00abno hubo licencia (para dejar el cargo p\u00fablico) de quien gan\u00f3 la elecci\u00f3n, entre comillas\u201d.<\/div>\n<div dir=\"auto\">\u201cNosotros, para empezar, no tenemos relaciones con Ecuador ni vamos a seguir teniendo relaciones con Ecuador mientras Noboa ejerza el cargo de presidente porque \u00e9l fue el responsable de la invasi\u00f3n a la Embajada de M\u00e9xico, a nuestra soberan\u00eda\u00bb, expres\u00f3.<\/div>\n<\/div>\n","protected":false},"excerpt":{"rendered":"<p>M\u00c9XICO NO REANUDAR\u00c1 RELACIONAS CON ECUADOR MIENTRAS NOBOA SEA PRESIDENT: SHEIBAUM La presidenta mexicana, Claudia Sheinbaum Pardo, asever\u00f3 este mi\u00e9rcoles que M\u00e9xico no reanudar\u00e1 relaciones con Ecuador mientras Daniel Noboa sea el mandatario del pa\u00eds suramericano y tach\u00f3 de \u00abdudoso\u00bb su triunfo en las elecciones del domingo. \u00abNo se van a reanudar las relaciones y, [&hellip;]<\/p>\n","protected":false},"author":1,"featured_media":1948,"comment_status":"open","ping_status":"open","sticky":false,"template":"","format":"standard","meta":{"footnotes":""},"categories":[3],"tags":[],"class_list":["post-1947","post","type-post","status-publish","format-standard","has-post-thumbnail","hentry","category-politica"],"_links":{"self":[{"href":"https:\/\/trabucoradio.com\/home\/index.php?rest_route=\/wp\/v2\/posts\/1947","targetHints":{"allow":["GET"]}}],"collection":[{"href":"https:\/\/trabucoradio.com\/home\/index.php?rest_route=\/wp\/v2\/posts"}],"about":[{"href":"https:\/\/trabucoradio.com\/home\/index.php?rest_route=\/wp\/v2\/types\/post"}],"author":[{"embeddable":true,"href":"https:\/\/trabucoradio.com\/home\/index.php?rest_route=\/wp\/v2\/users\/1"}],"replies":[{"embeddable":true,"href":"https:\/\/trabucoradio.com\/home\/index.php?rest_route=%2Fwp%2Fv2%2Fcomments&post=1947"}],"version-history":[{"count":1,"href":"https:\/\/trabucoradio.com\/home\/index.php?rest_route=\/wp\/v2\/posts\/1947\/revisions"}],"predecessor-version":[{"id":1949,"href":"https:\/\/trabucoradio.com\/home\/index.php?rest_route=\/wp\/v2\/posts\/1947\/revisions\/1949"}],"wp:featuredmedia":[{"embeddable":true,"href":"https:\/\/trabucoradio.com\/home\/index.php?rest_route=\/wp\/v2\/media\/1948"}],"wp:attachment":[{"href":"https:\/\/trabucoradio.com\/home\/index.php?rest_route=%2Fwp%2Fv2%2Fmedia&parent=1947"}],"wp:term":[{"taxonomy":"category","embeddable":true,"href":"https:\/\/trabucoradio.com\/home\/index.php?rest_route=%2Fwp%2Fv2%2Fcategories&post=1947"},{"taxonomy":"post_tag","embeddable":true,"href":"https:\/\/trabucoradio.com\/home\/index.php?rest_route=%2Fwp%2Fv2%2Ftags&post=1947"}],"curies":[{"name":"wp","href":"https:\/\/api.w.org\/{rel}","templated":true}]}}